{"id":444038,"date":"2026-07-08T20:28:37","date_gmt":"2026-07-08T20:28:37","guid":{"rendered":"https:\/\/www.europesays.com\/pt\/444038\/"},"modified":"2026-07-08T20:28:37","modified_gmt":"2026-07-08T20:28:37","slug":"action-lanca-a-geleira-eletrica-ao-preco-mais-baixo-de-sempre","status":"publish","type":"post","link":"https:\/\/www.europesays.com\/pt\/444038\/","title":{"rendered":"Action lan\u00e7a a geleira el\u00e9trica ao pre\u00e7o mais baixo de sempre"},"content":{"rendered":"<p>Com o <a href=\"https:\/\/www.magazine-hd.com\/apps\/wp\/action-lanca-trolley-viagem-mais-barato-mercado\/\" target=\"_blank\" rel=\"noopener nofollow\">ver\u00e3o<\/a> em pleno e as viagens de carro a multiplicarem-se, manter bebidas e comida frescos sem depender de gelo que derrete \u00e9 um grande problema.<\/p>\n<p>A Action tem neste momento uma solu\u00e7\u00e3o a pre\u00e7o muito acess\u00edvel. Assim sendo a a <a href=\"https:\/\/www.action.com\/pt-pt\/p\/2552720\/geleira-eletrica\/\" target=\"_blank\" rel=\"noopener nofollow\">Geleira El\u00e9trica<\/a> de 22 litros, por 26,95\u20ac e j\u00e1 com 10% de desconto sobre o pre\u00e7o original de 29,99\u20ac.<\/p>\n<p>Gelo dura pouco e as geleiras el\u00e9tricas custam caro<br \/>\n<img loading=\"lazy\" decoding=\"async\" class=\"size-full wp-image-775129\" src=\"https:\/\/www.europesays.com\/pt\/wp-content\/uploads\/2026\/07\/action-geleira.webp\" alt=\"action geleira\" width=\"1200\" height=\"813\"  \/>\u00a9 Action<\/p>\n<p>Quem viaja de carro no ver\u00e3o, o calor aperta mais do que nunca. A cl\u00e1ssica geleira de esferovite com gelo aguenta poucas horas antes de tudo ficar encharcado, e as geleiras el\u00e9tricas de qualidade costumam rondar os 50\u20ac a 80\u20ac ou mais, tornando-as um investimento dif\u00edcil de justificar para uso ocasional. As op\u00e7\u00f5es mais baratas raramente t\u00eam capacidade suficiente para uma fam\u00edlia ou grupo.<\/p>\n<p>No entanto a geleira da Action liga diretamente ao isqueiro do carro a 12 volts, sem necessidade de tomada el\u00e9trica nem adaptadores extra. Com 22 litros de capacidade, h\u00e1 espa\u00e7o suficiente para bebidas, snacks, fruta ou saladas para um dia inteiro de praia ou uma viagem longa. A constru\u00e7\u00e3o \u00e9 em pl\u00e1stico, leve e f\u00e1cil de transportar.<\/p>\n<p>Para quem vai \u00e0 praia, a festivais ou em viagem<\/p>\n<p>\u00c9 uma op\u00e7\u00e3o pensada para uso no carro, o que a torna especialmente \u00fatil em dias de praia, piqueniques ou longas viagens de estrada. Basta ligar ao isqueiro e a geleira mant\u00e9m o conte\u00fado fresco sem precisar de gelo nem de paragens para reabastecer.<\/p>\n<p>Funciona apenas a 12V via isqueiro do carro, o que significa que n\u00e3o serve para uso em casa ou em locais sem ve\u00edculo por perto. Ou seja, n\u00e3o \u00e9 uma geleira de campismo aut\u00f3noma, \u00e9 uma extens\u00e3o da viatura para quem passa tempo na estrada.<\/p>\n<p>A este pre\u00e7o e com o <a href=\"https:\/\/www.magazine-hd.com\/apps\/wp\/action-lanca-bomba-ar-portatil-preco-mais-baixo-sempre\/\" target=\"_blank\" rel=\"noopener nofollow\">desconto<\/a> de 10% j\u00e1 aplicado, \u00e9 uma das op\u00e7\u00f5es mais baratas do mercado para quem quer uma geleira el\u00e9trica sem gastar muito neste ver\u00e3o.<\/p>\n","protected":false},"excerpt":{"rendered":"Com o ver\u00e3o em pleno e as viagens de carro a multiplicarem-se, manter bebidas e comida frescos sem&hellip;\n","protected":false},"author":2,"featured_media":433061,"comment_status":"","ping_status":"","sticky":false,"template":"","format":"standard","meta":{"footnotes":"","_share_on_mastodon":"0"},"categories":[83],"tags":[7575,4252,88,4251,89,90,49946,71406,68513,32,2406,33,293],"class_list":["post-444038","post","type-post","status-publish","format-standard","has-post-thumbnail","category-empresas","tag-action","tag-barato","tag-business","tag-desconto","tag-economy","tag-empresas","tag-geleira","tag-geleira-eletrica","tag-pechincha","tag-portugal","tag-promocao","tag-pt","tag-verao"],"share_on_mastodon":{"url":"https:\/\/pubeurope.com\/@pt\/116886248692583527","error":""},"_links":{"self":[{"href":"https:\/\/www.europesays.com\/pt\/wp-json\/wp\/v2\/posts\/444038","targetHints":{"allow":["GET"]}}],"collection":[{"href":"https:\/\/www.europesays.com\/pt\/wp-json\/wp\/v2\/posts"}],"about":[{"href":"https:\/\/www.europesays.com\/pt\/wp-json\/wp\/v2\/types\/post"}],"author":[{"embeddable":true,"href":"https:\/\/www.europesays.com\/pt\/wp-json\/wp\/v2\/users\/2"}],"replies":[{"embeddable":true,"href":"https:\/\/www.europesays.com\/pt\/wp-json\/wp\/v2\/comments?post=444038"}],"version-history":[{"count":0,"href":"https:\/\/www.europesays.com\/pt\/wp-json\/wp\/v2\/posts\/444038\/revisions"}],"wp:featuredmedia":[{"embeddable":true,"href":"https:\/\/www.europesays.com\/pt\/wp-json\/wp\/v2\/media\/433061"}],"wp:attachment":[{"href":"https:\/\/www.europesays.com\/pt\/wp-json\/wp\/v2\/media?parent=444038"}],"wp:term":[{"taxonomy":"category","embeddable":true,"href":"https:\/\/www.europesays.com\/pt\/wp-json\/wp\/v2\/categories?post=444038"},{"taxonomy":"post_tag","embeddable":true,"href":"https:\/\/www.europesays.com\/pt\/wp-json\/wp\/v2\/tags?post=444038"}],"curies":[{"name":"wp","href":"https:\/\/api.w.org\/{rel}","templated":true}]}}