{"id":444131,"date":"2026-07-08T22:13:17","date_gmt":"2026-07-08T22:13:17","guid":{"rendered":"https:\/\/www.europesays.com\/pt\/444131\/"},"modified":"2026-07-08T22:13:17","modified_gmt":"2026-07-08T22:13:17","slug":"apos-se-apaixonar-no-big-brother-e-terminar-relacao-este-ex-concorrente-surpreende-ao-mostrar-nova-namorada-big-brother-verao-2026-ultimas-noticias-videos-e-diretos","status":"publish","type":"post","link":"https:\/\/www.europesays.com\/pt\/444131\/","title":{"rendered":"Ap\u00f3s se apaixonar no Big Brother e terminar rela\u00e7\u00e3o, este ex-concorrente surpreende ao mostrar nova namorada &#8211; Big Brother Ver\u00e3o 2026: \u00daltimas Not\u00edcias, V\u00eddeos e Diretos"},"content":{"rendered":"<p style=\"margin-bottom:11px\"><strong>Jo\u00e3o Oliveira<\/strong> j\u00e1 n\u00e3o esconde o novo amor. O <a href=\"https:\/\/tvi.iol.pt\/bigbrother\/search?pagina=1&amp;pesquisa=joao+oliveira\" rel=\"nofollow noopener\" target=\"_blank\">ex-concorrente<\/a> <strong>foi visto ao lado da namorada <\/strong>na gala do passado domingo, dia 5 de julho de 2026, e <strong>confirmou todas as suspeitas ao posar junto dela para uma fotografia.<\/strong><\/p>\n<p>Em declara\u00e7\u00f5es \u00e0 SELFIE, o <a href=\"https:\/\/tvi.iol.pt\/bigbrother\/search?pagina=1&amp;pesquisa=joao+oliveira\" rel=\"nofollow noopener\" target=\"_blank\">ex-concorrente<\/a> <strong>revelou como surgiu a rela\u00e7\u00e3o<\/strong>: conheceu a namorada h\u00e1 &#8220;mais ou menos tr\u00eas meses, atrav\u00e9s das redes sociais&#8221;. E n\u00e3o ficou por aqui,<strong> deixou claro que est\u00e1 apaixonado:<\/strong><\/p>\n<p>\u00abGosto do sentido de humor e da simplicidade dela.\u00bb<\/p>\n<p><a href=\"https:\/\/backoffice.iol.pt\/bo-novo\/multimedia\/edit.html?id=6a4e0f07d34e511da0b2bd50\" target=\"_blank\" title=\"Editar multimedia\" rel=\"nofollow noopener\"><img loading=\"lazy\" decoding=\"async\" alt=\"\" height=\"500\" onclick=\"\" src=\"https:\/\/www.europesays.com\/pt\/wp-content\/uploads\/2026\/07\/1783548797_211_16.webp\" title=\"\" width=\"750\"\/><\/a><\/p>\n","protected":false},"excerpt":{"rendered":"Jo\u00e3o Oliveira j\u00e1 n\u00e3o esconde o novo amor. O ex-concorrente foi visto ao lado da namorada na gala&hellip;\n","protected":false},"author":2,"featured_media":444132,"comment_status":"","ping_status":"","sticky":false,"template":"","format":"standard","meta":{"footnotes":"","_share_on_mastodon":"0"},"categories":[85],"tags":[331,48,333,328,335,336,114,115,334,332,330,435,338,8115,13,32,33,162,227],"class_list":["post-444131","post","type-post","status-publish","format-standard","has-post-thumbnail","category-entretenimento","tag-big","tag-big-brother","tag-comentadores","tag-concorrentes","tag-confrontos","tag-discussoes","tag-entertainment","tag-entretenimento","tag-exclusivos","tag-expulso","tag-gala","tag-joao-oliveira","tag-maria-botelho-moniz","tag-namorada","tag-noticias","tag-portugal","tag-pt","tag-tvi","tag-videos"],"share_on_mastodon":{"url":"","error":""},"_links":{"self":[{"href":"https:\/\/www.europesays.com\/pt\/wp-json\/wp\/v2\/posts\/444131","targetHints":{"allow":["GET"]}}],"collection":[{"href":"https:\/\/www.europesays.com\/pt\/wp-json\/wp\/v2\/posts"}],"about":[{"href":"https:\/\/www.europesays.com\/pt\/wp-json\/wp\/v2\/types\/post"}],"author":[{"embeddable":true,"href":"https:\/\/www.europesays.com\/pt\/wp-json\/wp\/v2\/users\/2"}],"replies":[{"embeddable":true,"href":"https:\/\/www.europesays.com\/pt\/wp-json\/wp\/v2\/comments?post=444131"}],"version-history":[{"count":0,"href":"https:\/\/www.europesays.com\/pt\/wp-json\/wp\/v2\/posts\/444131\/revisions"}],"wp:featuredmedia":[{"embeddable":true,"href":"https:\/\/www.europesays.com\/pt\/wp-json\/wp\/v2\/media\/444132"}],"wp:attachment":[{"href":"https:\/\/www.europesays.com\/pt\/wp-json\/wp\/v2\/media?parent=444131"}],"wp:term":[{"taxonomy":"category","embeddable":true,"href":"https:\/\/www.europesays.com\/pt\/wp-json\/wp\/v2\/categories?post=444131"},{"taxonomy":"post_tag","embeddable":true,"href":"https:\/\/www.europesays.com\/pt\/wp-json\/wp\/v2\/tags?post=444131"}],"curies":[{"name":"wp","href":"https:\/\/api.w.org\/{rel}","templated":true}]}}