{"id":444260,"date":"2026-07-09T02:02:14","date_gmt":"2026-07-09T02:02:14","guid":{"rendered":"https:\/\/www.europesays.com\/pt\/444260\/"},"modified":"2026-07-09T02:02:14","modified_gmt":"2026-07-09T02:02:14","slug":"virginia-fonseca-e-detonada-por-medico-apos-indicar-tratamento-aos-seguidores-nao-enche-r7-entretenimento","status":"publish","type":"post","link":"https:\/\/www.europesays.com\/pt\/444260\/","title":{"rendered":"Virginia Fonseca \u00e9 detonada por m\u00e9dico ap\u00f3s indicar tratamento aos seguidores: \u2018N\u00e3o enche\u2019 \u2013 R7 Entretenimento"},"content":{"rendered":"<p>LEIA AQUI O RESUMO DA NOT\u00cdCIA<\/p>\n<ul class=\"b-article-body-custom-embed-brief-news__list\" style=\"margin: 0; padding-left: 20px; list-style-type: disc;\">\n<li>Virginia Fonseca foi criticada por um m\u00e9dico ap\u00f3s recomendar soroterapia aos seguidores.<\/li>\n<li>O m\u00e9dico Andr\u00e9 Cardoso de Castro enfatizou que influenciadores n\u00e3o devem recomendar tratamentos m\u00e9dicos.<\/li>\n<li>Virginia justificou a soroterapia devido a um m\u00eas fora de casa e m\u00e1 alimenta\u00e7\u00e3o.<\/li>\n<li>O m\u00e9dico alertou que soroterapia \u00e9 desnecess\u00e1ria e potencialmente perigosa fora de um hospital.<\/li>\n<\/ul>\n<p style=\"font-size: 0.8em; font-style: italic; text-align: right; margin-top: 15px; padding-bottom: 5px; margin-bottom: 0;\">Produzido pela Ri7a &#8211; a Intelig\u00eancia Artificial do R7<\/p>\n<p><img decoding=\"async\" data-chromatic=\"ignore\" alt=\"Imagem dividida em duas partes: \u00e0 esquerda, uma mulher com cabelo liso e preso, usando uma blusa preta e brincos brilhantes, posando em frente a um fundo marrom. \u00c0 direita, um homem com cabelo curto e escuro, vestindo uma camiseta preta, falando diretamente para a c\u00e2mera dentro de um carro, com uma janela ao fundo mostrando luz natural.\" class=\"c-image\" loading=\"lazy\" src=\"https:\/\/www.europesays.com\/pt\/wp-content\/uploads\/2026\/07\/MSRGRNTQQVHBXG6FQXT4XGGWP4.jpg\"  width=\"1920\" height=\"1080\"\/>Virginia Fonseca causou revolta em m\u00e9dico Reprodu\u00e7\u00e3o\/Instagram\/@virginia e Reprodu\u00e7\u00e3o\/Instagram\/@dedecastroc <\/p>\n<p class=\"jarvics:base-text-neutral-high-400 xovem:base-text-dark-high-400 base-text-[calc(theme(fontSize.xs)_*_var(--font-size,_1))] base-font-normal base-font-primary base-text-neutral-low-500 base-text-left\"><a href=\"https:\/\/www.r7.com\/tudo-sobre\/virginia\/\" target=\"_self\" rel=\"nofollow noopener\" title=\"https:\/\/www.r7.com\/tudo-sobre\/virginia\/\">Virginia Fonseca<\/a> foi detonada por um m\u00e9dico nas redes sociais nesta quarta-feira (8), ap\u00f3s indicar aos seguidores o <a href=\"https:\/\/entretenimento.r7.com\/prisma\/fabiola-reipert\/ate-que-a-gripe-os-separe-virginia-e-vini-jr-aparecem-juntinhos-em-tratamento-nos-eua-07072026\/\" target=\"_self\" rel=\"nofollow noopener\" title=\"https:\/\/entretenimento.r7.com\/prisma\/fabiola-reipert\/ate-que-a-gripe-os-separe-virginia-e-vini-jr-aparecem-juntinhos-em-tratamento-nos-eua-07072026\/\">tratamento de soroterapia<\/a> pelo qual passou \u2014 acompanhada do jogador <a href=\"https:\/\/www.r7.com\/tudo-sobre\/vinicius-junior\/\" target=\"_self\" rel=\"nofollow noopener\" title=\"https:\/\/www.r7.com\/tudo-sobre\/vinicius-junior\/\">Vini Jr.<\/a>, com quem teria reatado o namoro.<\/p>\n<p class=\"jarvics:base-text-neutral-high-400 xovem:base-text-dark-high-400 base-text-[calc(theme(fontSize.xs)_*_var(--font-size,_1))] base-font-normal base-font-primary base-text-neutral-low-500 base-text-left\">Em um v\u00eddeo em que apareceu revoltado, Andr\u00e9 Cardoso de Castro n\u00e3o poupou cr\u00edticas a ela. \u201cA maior influenciadora do Brasil n\u00e3o \u00e9 m\u00e9dica? Influencer n\u00e3o recomenda NADA de medicamento\u201c, legendou.<\/p>\n<p class=\"jarvics:base-text-neutral-high-400 xovem:base-text-dark-high-400 base-text-[calc(theme(fontSize.xs)_*_var(--font-size,_1))] base-font-normal base-font-primary base-text-neutral-low-500 base-text-left\">O m\u00e9dico foi ir\u00f4nico quando Virginia disse que queria fazer uma indica\u00e7\u00e3o. \u201cMas nem f&#8230; que vou deixar voc\u00ea me dar uma indica\u00e7\u00e3o, seja l\u00e1 o que for\u201d, declarou ele.<\/p>\n<p class=\"jarvics:base-text-neutral-high-400 xovem:base-text-dark-high-400 base-text-[calc(theme(fontSize.xs)_*_var(--font-size,_1))] base-font-normal base-font-primary base-text-neutral-low-500 base-text-left\">Em seu registro, a influenciadora contou que estava muito mal. \u201cUm m\u00eas fora de casa, um m\u00eas fora da rotina, gripada, comendo mal, tudo errado, muita fritura\u201d, explicou.<\/p>\n<p class=\"jarvics:base-text-neutral-high-400 xovem:base-text-dark-high-400 base-text-[calc(theme(fontSize.xs)_*_var(--font-size,_1))] base-font-normal base-font-primary base-text-neutral-low-500 base-text-left\">Andr\u00e9, ent\u00e3o, rebateu. \u201cN\u00e3o me enche o saco, a pessoa provavelmente melhorou ali porque estava desidratada pra c&#8230; E, a\u00ed, o que que tem no soro, n\u00e9? Soro fisiol\u00f3gico e um monte de vitamina que a gente n\u00e3o precisa, n\u00e3o tem indica\u00e7\u00e3o para fazer isso. Sacou? Soroterapia \u00e9 xixi caro e \u00e9 perigoso. A \u00fanica soroterapia que voc\u00ea precisa \u00e9 em um hospital, n\u00e3o em uma cl\u00ednica cara.\u201c<\/p>\n<p class=\"jarvics:base-text-neutral-high-400 xovem:base-text-dark-high-400 base-text-[calc(theme(fontSize.xs)_*_var(--font-size,_1))] base-font-normal base-font-primary base-text-neutral-low-500 base-text-left\"><b>Para saber tudo do mundo dos famosos, <\/b><a href=\"https:\/\/whatsapp.com\/channel\/0029Va9UfKcHQbRyCyhPt71R\" rel=\"nofollow noopener\" target=\"_blank\"><b>siga o canal de entretenimento do R7<\/b><\/a><b>, o portal de not\u00edcias da RECORD, no WhatsApp<\/b><\/p>\n","protected":false},"excerpt":{"rendered":"LEIA AQUI O RESUMO DA NOT\u00cdCIA Virginia Fonseca foi criticada por um m\u00e9dico ap\u00f3s recomendar soroterapia aos seguidores.&hellip;\n","protected":false},"author":2,"featured_media":444261,"comment_status":"","ping_status":"","sticky":false,"template":"","format":"standard","meta":{"footnotes":"","_share_on_mastodon":"0"},"categories":[145],"tags":[211,210,114,115,980,32,33,151,15529,973],"class_list":["post-444260","post","type-post","status-publish","format-standard","has-post-thumbnail","category-celebridades","tag-celebridades","tag-celebrities","tag-entertainment","tag-entretenimento","tag-famosos","tag-portugal","tag-pt","tag-tv","tag-vinicius-junior","tag-virginia"],"share_on_mastodon":{"url":"https:\/\/pubeurope.com\/@pt\/116887562192149820","error":""},"_links":{"self":[{"href":"https:\/\/www.europesays.com\/pt\/wp-json\/wp\/v2\/posts\/444260","targetHints":{"allow":["GET"]}}],"collection":[{"href":"https:\/\/www.europesays.com\/pt\/wp-json\/wp\/v2\/posts"}],"about":[{"href":"https:\/\/www.europesays.com\/pt\/wp-json\/wp\/v2\/types\/post"}],"author":[{"embeddable":true,"href":"https:\/\/www.europesays.com\/pt\/wp-json\/wp\/v2\/users\/2"}],"replies":[{"embeddable":true,"href":"https:\/\/www.europesays.com\/pt\/wp-json\/wp\/v2\/comments?post=444260"}],"version-history":[{"count":0,"href":"https:\/\/www.europesays.com\/pt\/wp-json\/wp\/v2\/posts\/444260\/revisions"}],"wp:featuredmedia":[{"embeddable":true,"href":"https:\/\/www.europesays.com\/pt\/wp-json\/wp\/v2\/media\/444261"}],"wp:attachment":[{"href":"https:\/\/www.europesays.com\/pt\/wp-json\/wp\/v2\/media?parent=444260"}],"wp:term":[{"taxonomy":"category","embeddable":true,"href":"https:\/\/www.europesays.com\/pt\/wp-json\/wp\/v2\/categories?post=444260"},{"taxonomy":"post_tag","embeddable":true,"href":"https:\/\/www.europesays.com\/pt\/wp-json\/wp\/v2\/tags?post=444260"}],"curies":[{"name":"wp","href":"https:\/\/api.w.org\/{rel}","templated":true}]}}