{"id":444404,"date":"2026-07-09T08:39:15","date_gmt":"2026-07-09T08:39:15","guid":{"rendered":"https:\/\/www.europesays.com\/pt\/444404\/"},"modified":"2026-07-09T08:39:15","modified_gmt":"2026-07-09T08:39:15","slug":"presidente-do-smas-de-almada-explica-a-clientes-a-gestao-solidaria-e-rotativa-da-rede-os-picos-de-consumo","status":"publish","type":"post","link":"https:\/\/www.europesays.com\/pt\/444404\/","title":{"rendered":"Presidente do SMAS de Almada explica a clientes a &#8220;gest\u00e3o solid\u00e1ria e rotativa da rede&#8221;: os picos de consumo"},"content":{"rendered":"<p>Os Servi\u00e7os Municipalizados de \u00c1gua e Saneamento (SMAS) de Almada enviaram esta quarta-feira (8 de julho) uma nota informativa aos seus clientes a justificar as dificuldades na distribui\u00e7\u00e3o regular de \u00e1gua no concelho. No texto, assinado pelo presidente da institui\u00e7\u00e3o, explica-se a implementa\u00e7\u00e3o de uma &#8220;gest\u00e3o solid\u00e1ria e rotativa da rede&#8221;, justificando que a medida surge na sequ\u00eancia de &#8220;picos de consumo&#8221; invulgares.<\/p>\n<p>No comunicado, o l\u00edder da empresa municipal escreve que o atual per\u00edodo de temperaturas elevadas, a par do &#8220;aumento significativo da popula\u00e7\u00e3o sazonal&#8221; no concelho fez disparar o consumo de \u00e1gua para n\u00edveis insustent\u00e1veis com a estrutura atual. <\/p>\n<p>De acordo com este respons\u00e1vel, a procura global nestes dias de calor tem sido visivelmente superior \u00e0 quantidade de \u00e1gua que os servi\u00e7os conseguem captar diariamente nos furos em atividade.<\/p>\n<p>Para tentar equilibrar o sistema, a estrat\u00e9gia detalhada no documento prev\u00ea uma gest\u00e3o rotativa que distribua as press\u00f5es por todo o concelho, tentando evitar que as mesmas localidades fiquem sem abastecimento de forma cont\u00ednua.<\/p>\n<p>Seis furos de capta\u00e7\u00e3o prometidos<\/p>\n<p>Lu\u00eds Filipe Almeida Palma aponta a ativa\u00e7\u00e3o de um novo furo de capta\u00e7\u00e3o. &#8220;Prevemos a entrada ao servi\u00e7o de outro novo furo at\u00e9 ao final de julho&#8221;, pode ler-se na nota. <\/p>\n<p>A administra\u00e7\u00e3o diz ter ainda &#8220;mais tr\u00eas furos em fase de licenciamento&#8221; e &#8220;outros tr\u00eas em projeto&#8221;.<\/p>\n<p>\u00c0 escala municipal, o presidente dos SMAS assegura que as equipas t\u00e9cnicas est\u00e3o no terreno 24 horas por dia e que a autarquia j\u00e1 reduziu ao m\u00ednimo a rega de espa\u00e7os p\u00fablicos, tendo tamb\u00e9m suspendido as lavagens de ruas n\u00e3o essenciais.<\/p>\n<p>O documento termina com um apelo direto \u00e0 colabora\u00e7\u00e3o de todos os mun\u00edcipes para &#8220;garantir a resili\u00eancia do sistema&#8221; de abastecimento. <\/p>\n<p>Lu\u00eds Filipe Almeida Palma, autarca da CDU nomeado para presidente dos SMAS por acordo com o PS da presidente da C\u00e2mara de Almada, In\u00eas de Medeiros, solicita ainda aos clientes que moderem a rega de jardins ou espa\u00e7os verdes privados e que evitem quaisquer consumos n\u00e3o essenciais ou desperd\u00edcios ao longo deste per\u00edodo cr\u00edtico.<\/p>\n","protected":false},"excerpt":{"rendered":"Os Servi\u00e7os Municipalizados de \u00c1gua e Saneamento (SMAS) de Almada enviaram esta quarta-feira (8 de julho) uma nota&hellip;\n","protected":false},"author":2,"featured_media":444405,"comment_status":"","ping_status":"","sticky":false,"template":"","format":"standard","meta":{"footnotes":"","_share_on_mastodon":"0"},"categories":[8],"tags":[1467,71433,7087,27,28,15,16,14,25,26,21,22,12,13,19,20,4111,32,23,24,33,55386,17,18,29,30,31],"class_list":["post-444404","post","type-post","status-publish","format-standard","has-post-thumbnail","category-principais-noticias","tag-agua","tag-agua-abastecimento","tag-almada","tag-breaking-news","tag-breakingnews","tag-featured-news","tag-featurednews","tag-headlines","tag-latest-news","tag-latestnews","tag-main-news","tag-mainnews","tag-news","tag-noticias","tag-noticias-principais","tag-noticiasprincipais","tag-onda-de-calor","tag-portugal","tag-principais-noticias","tag-principaisnoticias","tag-pt","tag-smas","tag-top-stories","tag-topstories","tag-ultimas","tag-ultimas-noticias","tag-ultimasnoticias"],"share_on_mastodon":{"url":"https:\/\/pubeurope.com\/@pt\/116889122663380198","error":""},"_links":{"self":[{"href":"https:\/\/www.europesays.com\/pt\/wp-json\/wp\/v2\/posts\/444404","targetHints":{"allow":["GET"]}}],"collection":[{"href":"https:\/\/www.europesays.com\/pt\/wp-json\/wp\/v2\/posts"}],"about":[{"href":"https:\/\/www.europesays.com\/pt\/wp-json\/wp\/v2\/types\/post"}],"author":[{"embeddable":true,"href":"https:\/\/www.europesays.com\/pt\/wp-json\/wp\/v2\/users\/2"}],"replies":[{"embeddable":true,"href":"https:\/\/www.europesays.com\/pt\/wp-json\/wp\/v2\/comments?post=444404"}],"version-history":[{"count":0,"href":"https:\/\/www.europesays.com\/pt\/wp-json\/wp\/v2\/posts\/444404\/revisions"}],"wp:featuredmedia":[{"embeddable":true,"href":"https:\/\/www.europesays.com\/pt\/wp-json\/wp\/v2\/media\/444405"}],"wp:attachment":[{"href":"https:\/\/www.europesays.com\/pt\/wp-json\/wp\/v2\/media?parent=444404"}],"wp:term":[{"taxonomy":"category","embeddable":true,"href":"https:\/\/www.europesays.com\/pt\/wp-json\/wp\/v2\/categories?post=444404"},{"taxonomy":"post_tag","embeddable":true,"href":"https:\/\/www.europesays.com\/pt\/wp-json\/wp\/v2\/tags?post=444404"}],"curies":[{"name":"wp","href":"https:\/\/api.w.org\/{rel}","templated":true}]}}