{"id":44474,"date":"2025-08-25T15:53:10","date_gmt":"2025-08-25T15:53:10","guid":{"rendered":"https:\/\/www.europesays.com\/pt\/44474\/"},"modified":"2025-08-25T15:53:10","modified_gmt":"2025-08-25T15:53:10","slug":"rio-preto-discute-males-do-tabagismo","status":"publish","type":"post","link":"https:\/\/www.europesays.com\/pt\/44474\/","title":{"rendered":"Rio Preto discute males do tabagismo"},"content":{"rendered":"<p>A palestra foi destinada a fumantes, ex-fumantes, familiares, jovens, educadores e profissionais da Sa\u00fade <\/p>\n<p>No \u00faltimo s\u00e1bado, 16 de agosto, a Sociedade de Medicina e Cirurgia de S\u00e3o Jos\u00e9 do Rio Preto \u2013 Regional da Associa\u00e7\u00e3o Paulista de Medicina \u2013 promoveu a palestra \u201cFuma\u00e7a e Cansa\u00e7o: quantas pessoas o tabagismo pode matar at\u00e9 o pr\u00f3ximo s\u00e9culo?\u201d.<\/p>\n<p>A apresenta\u00e7\u00e3o foi ministrada pelo pneumologista e associado da APM, Rafael Musolino. O evento trouxe reflex\u00f5es sobre os riscos e impactos sociais do tabagismo, al\u00e9m de formas de combater o v\u00edcio.<\/p>\n<p>\u00a0A palestra abordou os seguintes assuntos: \u00a0Riscos do tabagismo: Efeitos no corpo e doen\u00e7as mais comuns; Impacto social: O peso do fumo passivo e como ele afeta n\u00e3o fumantes; Proje\u00e7\u00f5es futuras: Quantas vidas o tabaco pode tirar at\u00e9 o pr\u00f3ximo s\u00e9culo; Preven\u00e7\u00e3o e combate: M\u00e9todos para parar de fumar e benef\u00edcios para a sa\u00fade; e O v\u00edcio e sua quebra: Por que \u00e9 dif\u00edcil parar e como encontrar apoio?<\/p>\n<p>A palestra foi destinada a fumantes, ex-fumantes, familiares, jovens, educadores e profissionais da Sa\u00fade.<\/p>\n<p><img fetchpriority=\"high\" decoding=\"async\" width=\"960\" height=\"640\" data-id=\"44327\" src=\"https:\/\/www.europesays.com\/pt\/wp-content\/uploads\/2025\/08\/rio-preto-2-1.png\" alt=\"\" class=\"wp-image-44327\"  \/><\/p>\n<p>Fotos: Divulga\u00e7\u00e3o<\/p>\n","protected":false},"excerpt":{"rendered":"A palestra foi destinada a fumantes, ex-fumantes, familiares, jovens, educadores e profissionais da Sa\u00fade No \u00faltimo s\u00e1bado, 16&hellip;\n","protected":false},"author":2,"featured_media":44475,"comment_status":"","ping_status":"","sticky":false,"template":"","format":"standard","meta":{"footnotes":""},"categories":[86],"tags":[116,32,33,117],"class_list":{"0":"post-44474","1":"post","2":"type-post","3":"status-publish","4":"format-standard","5":"has-post-thumbnail","7":"category-saude","8":"tag-health","9":"tag-portugal","10":"tag-pt","11":"tag-saude"},"share_on_mastodon":{"url":"","error":""},"_links":{"self":[{"href":"https:\/\/www.europesays.com\/pt\/wp-json\/wp\/v2\/posts\/44474","targetHints":{"allow":["GET"]}}],"collection":[{"href":"https:\/\/www.europesays.com\/pt\/wp-json\/wp\/v2\/posts"}],"about":[{"href":"https:\/\/www.europesays.com\/pt\/wp-json\/wp\/v2\/types\/post"}],"author":[{"embeddable":true,"href":"https:\/\/www.europesays.com\/pt\/wp-json\/wp\/v2\/users\/2"}],"replies":[{"embeddable":true,"href":"https:\/\/www.europesays.com\/pt\/wp-json\/wp\/v2\/comments?post=44474"}],"version-history":[{"count":0,"href":"https:\/\/www.europesays.com\/pt\/wp-json\/wp\/v2\/posts\/44474\/revisions"}],"wp:featuredmedia":[{"embeddable":true,"href":"https:\/\/www.europesays.com\/pt\/wp-json\/wp\/v2\/media\/44475"}],"wp:attachment":[{"href":"https:\/\/www.europesays.com\/pt\/wp-json\/wp\/v2\/media?parent=44474"}],"wp:term":[{"taxonomy":"category","embeddable":true,"href":"https:\/\/www.europesays.com\/pt\/wp-json\/wp\/v2\/categories?post=44474"},{"taxonomy":"post_tag","embeddable":true,"href":"https:\/\/www.europesays.com\/pt\/wp-json\/wp\/v2\/tags?post=44474"}],"curies":[{"name":"wp","href":"https:\/\/api.w.org\/{rel}","templated":true}]}}