{"id":444769,"date":"2026-07-09T14:55:15","date_gmt":"2026-07-09T14:55:15","guid":{"rendered":"https:\/\/www.europesays.com\/pt\/444769\/"},"modified":"2026-07-09T14:55:15","modified_gmt":"2026-07-09T14:55:15","slug":"digi-fixa-preco-de-entrada-em-bolsa-nos-560-euros-avaliacao-ultrapassa-166-mil-milhoes-bolsa","status":"publish","type":"post","link":"https:\/\/www.europesays.com\/pt\/444769\/","title":{"rendered":"Digi fixa pre\u00e7o de entrada em bolsa nos 5,60 euros. Avalia\u00e7\u00e3o ultrapassa 1,66 mil milh\u00f5es &#8211; Bolsa"},"content":{"rendered":"<p class=\"\">&#13;<br \/>\n        J\u00e1 s\u00e3o conhecidos os detalhes da entrada da Digi em bolsa. A <b>filial espanhola da operadora de telecomunica\u00e7\u00f5es romena fixou o pre\u00e7o da oferta p\u00fablica inicial (IPO) em 5,60 euros por a\u00e7\u00e3o<\/b>, um valor que atribui \u00e0 empresa uma capitaliza\u00e7\u00e3o de mercado de 1.662 milh\u00f5es de euros, de acordo com o <a href=\"https:\/\/www.eleconomista.es\/mercados-cotizaciones\/noticias\/13997244\/07\/26\/digi-espanadebutara-en-bolsa-a-560-euros-por-accion.html\" target=\"_blank\" rel=\"tag nofollow noopener\">El Economista<\/a>.\u00a0&#13;\n    <\/p>\n<p class=\"\">&#13;<br \/>\n        Ainda n\u00e3o se sabe a data exata em que a Digi se vai estrear em bolsa, mas o jornal espanhol indica que poder\u00e1 ocorrer j\u00e1 na pr\u00f3xima semana. A <b>oferta \u00e9 destinada exclusivamente a investidores institucionais e vai ser composta por duas vertentes<\/b>: uma prim\u00e1ria de 150 milh\u00f5es de euros, exercida atrav\u00e9s de uma emiss\u00e3o de 26,8 milh\u00f5es de novas a\u00e7\u00f5es; e uma secund\u00e1ria de 137 milh\u00f5es de euros, que corresponde \u00e0 venda de 24,5 milh\u00f5es de t\u00edtulos da Digi Romania &#8211; acionista \u00fanica da filial espanhola.\u00a0&#13;\n    <\/p>\n<p class=\"\">&#13;<br \/>\n        A opera\u00e7\u00e3o ainda est\u00e1 dependente da aprova\u00e7\u00e3o por parte do regulador espanhol dos mercados e \u00e9 um passo essencial na estrat\u00e9gia de expans\u00e3o da empresa em Espanha. Ao todo, a <b>opera\u00e7\u00e3o dever\u00e1 angariar 287 milh\u00f5es de euros<\/b> &#8211; um valor que poder\u00e1 subir at\u00e9 330 milh\u00f5es, caso a acionista \u00fanica da operadora decida abrir m\u00e3o de 15% do capital.\u00a0&#13;\n    <\/p>\n<p class=\"\">&#13;<br \/>\n        A <a href=\"https:\/\/www.jornaldenegocios.pt\/empresas\/telecomunicacoes\/detalhe\/digi-ve-receitas-subirem-para-18-4-milhoes-em-portugal-ganho-por-cliente-recua-14\" target=\"_self\" rel=\"tag nofollow noopener\">Digi retomou em finais de junho os seus planos para entrar em bolsa, <\/a>depois de ter decidido suspender uma IPO prevista para abril devido \u00e0 instabilidade financeira relacionada com a guerra no Ir\u00e3o. A operadora entrou no mercado espanhol em 2008 e demorou mais 16 anos para se expandir para Portugal. Al\u00e9m da Pen\u00ednsula Ib\u00e9rica e da Rom\u00e9nia, a empresa conta com opera\u00e7\u00f5es em It\u00e1lia, na B\u00e9lgica e no Reino Unido.&#13;\n    <\/p>\n","protected":false},"excerpt":{"rendered":"&#13; J\u00e1 s\u00e3o conhecidos os detalhes da entrada da Digi em bolsa. A filial espanhola da operadora de&hellip;\n","protected":false},"author":2,"featured_media":444770,"comment_status":"","ping_status":"","sticky":false,"template":"","format":"standard","meta":{"footnotes":"","_share_on_mastodon":"0"},"categories":[83],"tags":[3917,88,7513,89,90,233,59487,16648,64456,3701,32,33,17690],"class_list":["post-444769","post","type-post","status-publish","format-standard","has-post-thumbnail","category-empresas","tag-belgica","tag-business","tag-digi","tag-economy","tag-empresas","tag-italia","tag-mil-milhoes-de-euros","tag-milhoes","tag-milhoes-de-euros","tag-peninsula-iberica","tag-portugal","tag-pt","tag-romenia"],"share_on_mastodon":{"url":"https:\/\/pubeurope.com\/@pt\/116890601142065439","error":""},"_links":{"self":[{"href":"https:\/\/www.europesays.com\/pt\/wp-json\/wp\/v2\/posts\/444769","targetHints":{"allow":["GET"]}}],"collection":[{"href":"https:\/\/www.europesays.com\/pt\/wp-json\/wp\/v2\/posts"}],"about":[{"href":"https:\/\/www.europesays.com\/pt\/wp-json\/wp\/v2\/types\/post"}],"author":[{"embeddable":true,"href":"https:\/\/www.europesays.com\/pt\/wp-json\/wp\/v2\/users\/2"}],"replies":[{"embeddable":true,"href":"https:\/\/www.europesays.com\/pt\/wp-json\/wp\/v2\/comments?post=444769"}],"version-history":[{"count":0,"href":"https:\/\/www.europesays.com\/pt\/wp-json\/wp\/v2\/posts\/444769\/revisions"}],"wp:featuredmedia":[{"embeddable":true,"href":"https:\/\/www.europesays.com\/pt\/wp-json\/wp\/v2\/media\/444770"}],"wp:attachment":[{"href":"https:\/\/www.europesays.com\/pt\/wp-json\/wp\/v2\/media?parent=444769"}],"wp:term":[{"taxonomy":"category","embeddable":true,"href":"https:\/\/www.europesays.com\/pt\/wp-json\/wp\/v2\/categories?post=444769"},{"taxonomy":"post_tag","embeddable":true,"href":"https:\/\/www.europesays.com\/pt\/wp-json\/wp\/v2\/tags?post=444769"}],"curies":[{"name":"wp","href":"https:\/\/api.w.org\/{rel}","templated":true}]}}