{"id":444977,"date":"2026-07-09T18:35:16","date_gmt":"2026-07-09T18:35:16","guid":{"rendered":"https:\/\/www.europesays.com\/pt\/444977\/"},"modified":"2026-07-09T18:35:16","modified_gmt":"2026-07-09T18:35:16","slug":"vitor-sai-em-defesa-de-paula-lanca-novos-dados-sobre-o-pacto-com-carlos-nos-bastidores-do-casados-a-primeira-vista-e-denuncia-intencao-do-ex-de-quinita-estrelas","status":"publish","type":"post","link":"https:\/\/www.europesays.com\/pt\/444977\/","title":{"rendered":"V\u00edtor sai em defesa de Paula, lan\u00e7a novos dados sobre o pacto com Carlos nos bastidores do Casados \u00e0 Primeira Vista e denuncia inten\u00e7\u00e3o do &#8216;ex&#8217; de Quinita &#8211; Estrelas"},"content":{"rendered":"<p>V\u00edtor Carneiro, participante do &#8216;Casados \u00e0 Primeira Vista&#8217;, comentou a rela\u00e7\u00e3o de Carlos e Paula, ambos entretanto j\u00e1 fora da experi\u00eancia na cronologia do formato da SIC, manifestando a estranheza com o contraste entre as atitudes que neles via em privado e as que demonstravam na televis\u00e3o.<\/p>\n<p><b>&#8220;N\u00f3s que est\u00e1vamos no programa n\u00e3o sab\u00edamos que quando estavam a gravar tentavam mostrar essa intimidade toda. Portanto, quando vimos a Paula a dar um beijo ao Carlos foi um choque. Sab\u00edamos que havia ali umas atua\u00e7\u00f5es, sab\u00edamos perfeitamente, a Paula falava connosco. At\u00e9 esse ponto, n\u00e3o&#8221;<\/b>, explicou o marido de Andreia N\u00e9grier, no &#8216;Passadeira Vermelha&#8217;.<\/p>\n<p>        &#13;<\/p>\n<p>                        &#13;<br \/>\n                            <img decoding=\"async\" src=\"https:\/\/www.europesays.com\/pt\/wp-content\/uploads\/2026\/07\/img_220x220uu2026-04-20-10-38-56-408653-im-639177444216030350.jpg\" class=\"img_fluid\" loading=\"lazy\" alt=\"\"\/>&#13;<\/p>\n<p class=\"title\">Ler tamb\u00e9m<\/p>\n<p>                    <a href=\"https:\/\/www.tvguia.pt\/estrelas\/detalhe\/vitor-expoe-carlos-apos-guerras-no-casados-a-primeira-vista-e-revela-segredos-dos-bastidores-do-programa\" class=\"streched_link\" title=\"\" content_list_position=\"1\" rel=\"nofollow noopener\" target=\"_blank\">V\u00edtor exp\u00f5e Carlos ap\u00f3s guerras no Casados \u00e0 Primeira Vista e revela segredos dos bastidores do programa<\/a><\/p>\n<p>            &#13;<\/p>\n<p><b>&#8220;A Paula tem ali coisas que entra em stress e n\u00e3o consegue justificar. Ela entrou para a experi\u00eancia para viver a experi\u00eancia, provavelmente at\u00e9 se conseguiria apaixonar por outro tipo de homem. A Paula at\u00e9 estava encantada com o Carlos que apareceu na lua de mel, que foi um cavalheiro, at\u00e9 protegeu a\u00a0Quinita&#8221;<\/b>, explicou ainda, antes de agregar: <b>&#8220;Quando o Carlos chegou, \u00e9 pena n\u00e3o mostrarem isso nem o Carlos diz\u00ea-lo, fui o primeiro a dar-lhe um\u00a0abra\u00e7o e a agradecer a atitude que ele teve na lua de mel. Est\u00e1vamos todos felizes com a situa\u00e7\u00e3o. O problema foi quando o Carlos foi a casa da Paula.&#8221;<\/b><\/p>\n<p>Recorde-se que, nessa altura, Carlos criticou Paula pelo cheiro da sua casa. <b>&#8220;A Paula perdeu todo o encanto, sentiu-se\u00a0super\u00a0humilhada, foi muito mau para a Paula, mas ela quis ficar na experi\u00eancia, e queria como terapeuta\u00a0perceber\u00a0como lidar como um homem desse g\u00e9nero.\u00a0Ela dizia-nos muitas vezes: \u2018Quero perceber como posso lidar com ele\u2019. H\u00e1 homens assim l\u00e1 fora e h\u00e1 mulheres que vivem essas situa\u00e7\u00f5es, s\u00f3 que ela achava que\u00a0ia aprender e que ia conseguir control\u00e1-lo, s\u00f3 que entrou no caminho errado&#8221;<\/b>, frisou.<\/p>\n<p><b>&#8220;O Carlos \u2013 mesmo sabendo que h\u00e1 um acordo entre eles e que, quando as c\u00e2maras estavam ligadas, eram dois atores \u2013 sentia aqueles beijinhos como&#8230; e quando as c\u00e2maras desligavam, ele, \u00e9 \u00f3bvio, porque \u00e9 homem, queria algo mais, e a Paula a\u00ed cortava&#8221;<\/b>, salientou, cometando, posteriormente, os famosos &#8220;selos&#8221; entre os dois: <b>&#8220;Esse beijinho&#8230;\u00a0ele queria mais, ele queria um relacionamento, ele diz v\u00e1rias vezes que at\u00e9 se apaixonava pela Paula, claro que, ao ela\u00a0lhe dar\u00a0esse carinho,\u00a0ele genuinamente gostava e queria uma rela\u00e7\u00e3o.&#8221;<\/b><\/p>\n<p>        &#13;<\/p>\n<p>                        &#13;<br \/>\n                            <img decoding=\"async\" src=\"https:\/\/www.europesays.com\/pt\/wp-content\/uploads\/2026\/07\/img_220x220uu2026-07-08-11-00-25-413770-im-639191052529656572.jpg\" class=\"img_fluid\" loading=\"lazy\" alt=\"\"\/>&#13;<\/p>\n<p class=\"title\">Ler tamb\u00e9m<\/p>\n<p>                    <a href=\"https:\/\/www.tvguia.pt\/estrelas\/detalhe\/quinita-destroi-paula-por-ter-enganado-carlos-e-denuncia-o-que-aconteceu-nos-bastidores-do-casados-a-primeira-vista\" class=\"streched_link\" title=\"\" content_list_position=\"2\" rel=\"nofollow noopener\" target=\"_blank\">Quinita destr\u00f3i Paula por ter enganado Carlos e denuncia o que aconteceu nos bastidores do Casados \u00e0 Primeira Vista <\/a><\/p>\n<p>            &#13;<\/p>\n<p>            &#13;<br \/>\n                &#13;<br \/>\n&#13;<br \/>\n&#13;<br \/>\n    &#13;<br \/>\n&#13;<br \/>\n&#13;<\/p>\n","protected":false},"excerpt":{"rendered":"V\u00edtor Carneiro, participante do &#8216;Casados \u00e0 Primeira Vista&#8217;, comentou a rela\u00e7\u00e3o de Carlos e Paula, ambos entretanto j\u00e1&hellip;\n","protected":false},"author":2,"featured_media":444978,"comment_status":"","ping_status":"","sticky":false,"template":"","format":"standard","meta":{"footnotes":"","_share_on_mastodon":"0"},"categories":[142],"tags":[114,115,2179,1649,1995,32,33,1751,218,151],"class_list":["post-444977","post","type-post","status-publish","format-standard","has-post-thumbnail","category-tv","tag-entertainment","tag-entretenimento","tag-lua","tag-lua-de-mel","tag-mel","tag-portugal","tag-pt","tag-sic","tag-televisao","tag-tv"],"share_on_mastodon":{"url":"https:\/\/pubeurope.com\/@pt\/116891466897420275","error":""},"_links":{"self":[{"href":"https:\/\/www.europesays.com\/pt\/wp-json\/wp\/v2\/posts\/444977","targetHints":{"allow":["GET"]}}],"collection":[{"href":"https:\/\/www.europesays.com\/pt\/wp-json\/wp\/v2\/posts"}],"about":[{"href":"https:\/\/www.europesays.com\/pt\/wp-json\/wp\/v2\/types\/post"}],"author":[{"embeddable":true,"href":"https:\/\/www.europesays.com\/pt\/wp-json\/wp\/v2\/users\/2"}],"replies":[{"embeddable":true,"href":"https:\/\/www.europesays.com\/pt\/wp-json\/wp\/v2\/comments?post=444977"}],"version-history":[{"count":0,"href":"https:\/\/www.europesays.com\/pt\/wp-json\/wp\/v2\/posts\/444977\/revisions"}],"wp:featuredmedia":[{"embeddable":true,"href":"https:\/\/www.europesays.com\/pt\/wp-json\/wp\/v2\/media\/444978"}],"wp:attachment":[{"href":"https:\/\/www.europesays.com\/pt\/wp-json\/wp\/v2\/media?parent=444977"}],"wp:term":[{"taxonomy":"category","embeddable":true,"href":"https:\/\/www.europesays.com\/pt\/wp-json\/wp\/v2\/categories?post=444977"},{"taxonomy":"post_tag","embeddable":true,"href":"https:\/\/www.europesays.com\/pt\/wp-json\/wp\/v2\/tags?post=444977"}],"curies":[{"name":"wp","href":"https:\/\/api.w.org\/{rel}","templated":true}]}}