{"id":445095,"date":"2026-07-09T20:57:28","date_gmt":"2026-07-09T20:57:28","guid":{"rendered":"https:\/\/www.europesays.com\/pt\/445095\/"},"modified":"2026-07-09T20:57:28","modified_gmt":"2026-07-09T20:57:28","slug":"rute-cardoso-explica-por-que-nunca-escreveu-no-mural-de-homenagem-a-diogo-jota","status":"publish","type":"post","link":"https:\/\/www.europesays.com\/pt\/445095\/","title":{"rendered":"Rute Cardoso explica por que nunca escreveu no mural de homenagem a Diogo Jota"},"content":{"rendered":"<p><a href=\"https:\/\/selfie.iol.pt\/famosos\/diogo-jota\/um-ano-de-saudade-diogo-jota-homenageado-pelos-clubes-onde-jogou\/20260703\/6a47c754d34edcee7c660680\" target=\"_blank\" rel=\"nofollow noopener\">Um ano depois da morte de Diogo Jota<\/a>, Rute Cardoso continua a viver o luto de forma muito reservada.<\/p>\n<p>No v\u00eddeo divulgado pela sec\u00e7\u00e3o de eFootball da Federa\u00e7\u00e3o Portuguesa de Futebol, a vi\u00fava do internacional portugu\u00eas explicou por que motivo nunca conseguiu escrever uma mensagem no mural de homenagem criado na arena de Esports que recebeu o nome do jogador.<\/p>\n<p>A resposta foi marcada pela emo\u00e7\u00e3o: &#8220;Longe de encontrar palavras. Ainda \u00e9 um assunto dif\u00edcil de digerir. Ainda mexe muito comigo, n\u00e3o \u00e9 f\u00e1cil para mim exprimir.&#8221;<\/p>\n<p>O mural re\u00fane dezenas de mensagens deixadas por familiares, amigos e admiradores de <a href=\"https:\/\/selfie.iol.pt\/famosos\/diogo-jota\/anunciada-surpreendente-novidade-que-envolve-diogo-jota-a-reacao-de-rute-cardoso\/20260703\/6a47d6dbd34edcee7c660760\" target=\"_blank\" rel=\"nofollow noopener\">Diogo Jota<\/a>, entre elas uma particularmente emocionante da <a href=\"https:\/\/selfie.iol.pt\/famosos\/diogo-jota\/es-o-meu-orgulho-a-emocionante-mensagem-da-mae-de-diogo-jota-que-esta-a-comover-portugal\/20260708\/6a4e3fdcd34e511da0b2be65\" target=\"_blank\" rel=\"nofollow noopener\">m\u00e3e do futebolista, Isabel Silva<\/a>.<\/p>\n<blockquote class=\"instagram-media\" data-instgrm-captioned=\"\" data-instgrm-permalink=\"https:\/\/www.instagram.com\/reel\/DaViMLTMlUn\/?utm_source=ig_embed&amp;utm_campaign=loading\" data-instgrm-version=\"14\" style=\" background:#FFF; border:0; border-radius:3px; box-shadow:0 0 1px 0 rgba(0,0,0,0.5),0 1px 10px 0 rgba(0,0,0,0.15); margin: 1px; max-width:540px; min-width:326px; padding:0; width:99.375%; width:-webkit-calc(100% - 2px); width:calc(100% - 2px);\">\n<\/blockquote>\n<p>\u00a0<\/p>\n<p>                        <script async src=\"\/\/www.instagram.com\/embed.js\"><\/script><\/p>\n","protected":false},"excerpt":{"rendered":"Um ano depois da morte de Diogo Jota, Rute Cardoso continua a viver o luto de forma muito&hellip;\n","protected":false},"author":2,"featured_media":445096,"comment_status":"","ping_status":"","sticky":false,"template":"","format":"standard","meta":{"footnotes":"","_share_on_mastodon":"0"},"categories":[87],"tags":[135,1691,980,5560,11384,1015,619,32,33,10175,1012,134,11383],"class_list":["post-445095","post","type-post","status-publish","format-standard","has-post-thumbnail","category-desporto","tag-desporto","tag-diogo-jota","tag-famosos","tag-federacao-portuguesa-de-futebol","tag-futebolista","tag-instagram","tag-nacional","tag-portugal","tag-pt","tag-rute-cardoso","tag-selfie","tag-sports","tag-viuva"],"share_on_mastodon":{"url":"https:\/\/pubeurope.com\/@pt\/116892024810744728","error":""},"_links":{"self":[{"href":"https:\/\/www.europesays.com\/pt\/wp-json\/wp\/v2\/posts\/445095","targetHints":{"allow":["GET"]}}],"collection":[{"href":"https:\/\/www.europesays.com\/pt\/wp-json\/wp\/v2\/posts"}],"about":[{"href":"https:\/\/www.europesays.com\/pt\/wp-json\/wp\/v2\/types\/post"}],"author":[{"embeddable":true,"href":"https:\/\/www.europesays.com\/pt\/wp-json\/wp\/v2\/users\/2"}],"replies":[{"embeddable":true,"href":"https:\/\/www.europesays.com\/pt\/wp-json\/wp\/v2\/comments?post=445095"}],"version-history":[{"count":0,"href":"https:\/\/www.europesays.com\/pt\/wp-json\/wp\/v2\/posts\/445095\/revisions"}],"wp:featuredmedia":[{"embeddable":true,"href":"https:\/\/www.europesays.com\/pt\/wp-json\/wp\/v2\/media\/445096"}],"wp:attachment":[{"href":"https:\/\/www.europesays.com\/pt\/wp-json\/wp\/v2\/media?parent=445095"}],"wp:term":[{"taxonomy":"category","embeddable":true,"href":"https:\/\/www.europesays.com\/pt\/wp-json\/wp\/v2\/categories?post=445095"},{"taxonomy":"post_tag","embeddable":true,"href":"https:\/\/www.europesays.com\/pt\/wp-json\/wp\/v2\/tags?post=445095"}],"curies":[{"name":"wp","href":"https:\/\/api.w.org\/{rel}","templated":true}]}}