{"id":445620,"date":"2026-07-10T11:45:17","date_gmt":"2026-07-10T11:45:17","guid":{"rendered":"https:\/\/www.europesays.com\/pt\/445620\/"},"modified":"2026-07-10T11:45:17","modified_gmt":"2026-07-10T11:45:17","slug":"exclusivo-leonino-amorim-quer-impedir-joao-palhinha-de-assinar-pelo-sporting","status":"publish","type":"post","link":"https:\/\/www.europesays.com\/pt\/445620\/","title":{"rendered":"Exclusivo Leonino &#8211; Amorim quer impedir Jo\u00e3o Palhinha de assinar pelo Sporting"},"content":{"rendered":"<p>Esta quinta-feira, dia 9 de julho, <a href=\"https:\/\/pt.wikipedia.org\/wiki\/Jo\u00e3o_Palhinha\" target=\"_blank\" rel=\"nofollow noopener\">Jo\u00e3o Palhinha<\/a> celebra os seus 31 anos. Atrav\u00e9s de uma mensagem deixada nas suas redes sociais, o <b>Sporting fez quest\u00e3o de assinalar a data comemorativa<\/b> de um jogador muito acarinhado por todo o universo leonino.<\/p>\n<p><\/p>\n<p><b>\u201cLe\u00e3o da forma\u00e7\u00e3o e campe\u00e3o nacional, Jo\u00e3o Palhinha celebra hoje o seu anivers\u00e1rio. Parab\u00e9ns, le\u00e3o!\u201d<\/b>, \u00e9 poss\u00edvel ler-se na mensagem partilhada. No entanto, n\u00e3o demorou muito tempo a que os coment\u00e1rios ficassem cheios de Sportinguistas a pedir o regresso do m\u00e9dio.<\/p>\n<p>De facto, Jo\u00e3o Palhinha j\u00e1 esteve entre os poss\u00edveis refor\u00e7os para a equipa dos verdes e brancos para a temporada que se aproxima &#8211; <a href=\"https:\/\/leonino.pt\/banho-de-agua-fria-afinal-joao-palhinha-afasta-se-do-sporting\" target=\"_blank\" rel=\"nofollow noopener\">apesar de a transfer\u00eancia n\u00e3o se afigurar f\u00e1cil<\/a>.\u00a0<b>Os 25 milh\u00f5es de euros exigidos pelo Bayern dificultam um acordo.<\/b><\/p>\n<p><\/p>\n<p>At\u00e9 este momento, no mercado de transfer\u00eancias, <b>o Sporting j\u00e1 conta com v\u00e1rios refor\u00e7os destinados para a posi\u00e7\u00e3o do meio-campo.<\/b> Sergi Altimira, Silas Andersen, <a href=\"https:\/\/pt.wikipedia.org\/wiki\/Rodrigo_Zalazar\" target=\"_blank\" rel=\"nofollow noopener\">Rodrigo Zalazar<\/a>, Pedro Lima e Issa Doumbia s\u00e3o os nomes escolhidos pela estrutura verde e branca para alinharem na pr\u00f3xima \u00e9poca.<\/p>\n<p>Desta forma, depois do Tottenham n\u00e3o ter acionado a op\u00e7\u00e3o de compra estabelecida pelo Bayern ap\u00f3s um ano de empr\u00e9stimo, o internacional portugu\u00eas regressa ao clube alem\u00e3o. Ainda assim, <b>o futuro de Jo\u00e3o Palhinha ainda segue por um futuro incerto.<\/b><\/p>\n<p><\/p>\n<p><b>Veja a publica\u00e7\u00e3o:<\/b><\/p>\n","protected":false},"excerpt":{"rendered":"Esta quinta-feira, dia 9 de julho, Jo\u00e3o Palhinha celebra os seus 31 anos. Atrav\u00e9s de uma mensagem deixada&hellip;\n","protected":false},"author":2,"featured_media":445621,"comment_status":"","ping_status":"","sticky":false,"template":"","format":"standard","meta":{"footnotes":"","_share_on_mastodon":"0"},"categories":[87],"tags":[10818,135,61766,5817,71553,32,33,34,134],"class_list":["post-445620","post","type-post","status-publish","format-standard","has-post-thumbnail","category-desporto","tag-amorim","tag-desporto","tag-exclusivo-leonino","tag-joao-palhinha","tag-leonino","tag-portugal","tag-pt","tag-sporting","tag-sports"],"share_on_mastodon":{"url":"https:\/\/pubeurope.com\/@pt\/116895516590499455","error":""},"_links":{"self":[{"href":"https:\/\/www.europesays.com\/pt\/wp-json\/wp\/v2\/posts\/445620","targetHints":{"allow":["GET"]}}],"collection":[{"href":"https:\/\/www.europesays.com\/pt\/wp-json\/wp\/v2\/posts"}],"about":[{"href":"https:\/\/www.europesays.com\/pt\/wp-json\/wp\/v2\/types\/post"}],"author":[{"embeddable":true,"href":"https:\/\/www.europesays.com\/pt\/wp-json\/wp\/v2\/users\/2"}],"replies":[{"embeddable":true,"href":"https:\/\/www.europesays.com\/pt\/wp-json\/wp\/v2\/comments?post=445620"}],"version-history":[{"count":0,"href":"https:\/\/www.europesays.com\/pt\/wp-json\/wp\/v2\/posts\/445620\/revisions"}],"wp:featuredmedia":[{"embeddable":true,"href":"https:\/\/www.europesays.com\/pt\/wp-json\/wp\/v2\/media\/445621"}],"wp:attachment":[{"href":"https:\/\/www.europesays.com\/pt\/wp-json\/wp\/v2\/media?parent=445620"}],"wp:term":[{"taxonomy":"category","embeddable":true,"href":"https:\/\/www.europesays.com\/pt\/wp-json\/wp\/v2\/categories?post=445620"},{"taxonomy":"post_tag","embeddable":true,"href":"https:\/\/www.europesays.com\/pt\/wp-json\/wp\/v2\/tags?post=445620"}],"curies":[{"name":"wp","href":"https:\/\/api.w.org\/{rel}","templated":true}]}}