{"id":445941,"date":"2026-07-10T17:01:14","date_gmt":"2026-07-10T17:01:14","guid":{"rendered":"https:\/\/www.europesays.com\/pt\/445941\/"},"modified":"2026-07-10T17:01:14","modified_gmt":"2026-07-10T17:01:14","slug":"marcia-soares-revela-ter-sido-bloqueada-por-irma-de-cristiano-ronaldo","status":"publish","type":"post","link":"https:\/\/www.europesays.com\/pt\/445941\/","title":{"rendered":"Marcia Soares revela ter sido bloqueada por irm\u00e3 de Cristiano Ronaldo"},"content":{"rendered":"<p>Na rede social X, <a href=\"https:\/\/selfie.iol.pt\/famosos\/marcia-soares\/marcia-soares-faz-misteriosa-revelacao-muita-coisa-vai-mudar-na-minha-vida\/20260708\/6a4e518ad34ef04b4f3f5229\" target=\"_blank\" rel=\"nofollow noopener\">Marcia Soares<\/a> revelou que foi bloqueada por uma das irm\u00e3s de Cristiano Ronaldo, sem especificar qual das duas, Elma ou Katia Aveiro.<\/p>\n<p>&#8220;Descobri ontem que uma das manas do Cristiano me bloqueou no Insta. \u00c9 para estar orgulhosa? Sim ou sim?&#8221;, come\u00e7ou por escrever a comentadora do &#8220;Big Brother Ver\u00e3o&#8221;, da TVI.<\/p>\n<p>&#8220;A Elma tamb\u00e9m me bloqueou &#8216;por causa de ti'&#8221;, respondeu-lhe uma seguidora.<\/p>\n<p>&#8220;Ser\u00e1 que ela contou ao mano \u00e0 volta da mesa? Com jeitinho, o Cristiano j\u00e1 falou de mim&#8221;, comentou Marcia Soares.<\/p>\n<p>Veja, agora, as publica\u00e7\u00f5es.<\/p>\n<blockquote class=\"twitter-tweet\" data-media-max-width=\"560\">\n<p lang=\"pt\">Descobri ontem que uma das manas do Cristiano me bloqueou no Insta. \u00c9 para estar orgulhosa? Sim ou sim?<\/p>\n<p> \u2014 Marcia Soares (@MarciaSoaresbb) <a href=\"https:\/\/x.com\/MarciaSoaresbb\/status\/2075198228073435230?ref_src=twsrc%5Etfw\" rel=\"nofollow\">July 9, 2026<\/a>\n<\/p><\/blockquote>\n<p>\u00a0<\/p>\n<blockquote class=\"twitter-tweet\" data-media-max-width=\"560\">\n<p lang=\"pt\">Ser\u00e1 que ela contou ao mano \u00e0 volta da mesa? Com jeitinho o Cristiano j\u00e1 falou de mim \ud83e\udd70<\/p>\n<p> \u2014 Marcia Soares (@MarciaSoaresbb) <a href=\"https:\/\/x.com\/MarciaSoaresbb\/status\/2075199112756994140?ref_src=twsrc%5Etfw\" rel=\"nofollow\">July 9, 2026<\/a>\n<\/p><\/blockquote>\n<p>\u00a0<\/p>\n<blockquote class=\"twitter-tweet\" data-media-max-width=\"560\">\n<p lang=\"pt\">N\u00e3o foi essa que acompanhou a minha edi\u00e7\u00e3o e n\u00e3o gostava nada de mim? Bateu forte mesmo hahahahhaha<\/p>\n<p> \u2014 Marcia Soares (@MarciaSoaresbb) <a href=\"https:\/\/x.com\/MarciaSoaresbb\/status\/2075198661256986815?ref_src=twsrc%5Etfw\" rel=\"nofollow\">July 9, 2026<\/a>\n<\/p><\/blockquote>\n<p>\u00a0<\/p>\n","protected":false},"excerpt":{"rendered":"Na rede social X, Marcia Soares revelou que foi bloqueada por uma das irm\u00e3s de Cristiano Ronaldo, sem&hellip;\n","protected":false},"author":2,"featured_media":445942,"comment_status":"","ping_status":"","sticky":false,"template":"","format":"standard","meta":{"footnotes":"","_share_on_mastodon":"0"},"categories":[145],"tags":[48,211,210,667,1480,114,115,980,1015,3636,2038,32,33,1014,548,1012,162,2739],"class_list":["post-445941","post","type-post","status-publish","format-standard","has-post-thumbnail","category-celebridades","tag-big-brother","tag-celebridades","tag-celebrities","tag-cristiano-ronaldo","tag-elma-aveiro","tag-entertainment","tag-entretenimento","tag-famosos","tag-instagram","tag-katia-aveiro","tag-marcia-soares","tag-portugal","tag-pt","tag-reality-show","tag-redes-sociais","tag-selfie","tag-tvi","tag-x"],"share_on_mastodon":{"url":"https:\/\/pubeurope.com\/@pt\/116896758895719346","error":""},"_links":{"self":[{"href":"https:\/\/www.europesays.com\/pt\/wp-json\/wp\/v2\/posts\/445941","targetHints":{"allow":["GET"]}}],"collection":[{"href":"https:\/\/www.europesays.com\/pt\/wp-json\/wp\/v2\/posts"}],"about":[{"href":"https:\/\/www.europesays.com\/pt\/wp-json\/wp\/v2\/types\/post"}],"author":[{"embeddable":true,"href":"https:\/\/www.europesays.com\/pt\/wp-json\/wp\/v2\/users\/2"}],"replies":[{"embeddable":true,"href":"https:\/\/www.europesays.com\/pt\/wp-json\/wp\/v2\/comments?post=445941"}],"version-history":[{"count":0,"href":"https:\/\/www.europesays.com\/pt\/wp-json\/wp\/v2\/posts\/445941\/revisions"}],"wp:featuredmedia":[{"embeddable":true,"href":"https:\/\/www.europesays.com\/pt\/wp-json\/wp\/v2\/media\/445942"}],"wp:attachment":[{"href":"https:\/\/www.europesays.com\/pt\/wp-json\/wp\/v2\/media?parent=445941"}],"wp:term":[{"taxonomy":"category","embeddable":true,"href":"https:\/\/www.europesays.com\/pt\/wp-json\/wp\/v2\/categories?post=445941"},{"taxonomy":"post_tag","embeddable":true,"href":"https:\/\/www.europesays.com\/pt\/wp-json\/wp\/v2\/tags?post=445941"}],"curies":[{"name":"wp","href":"https:\/\/api.w.org\/{rel}","templated":true}]}}