{"id":446152,"date":"2026-07-10T21:36:30","date_gmt":"2026-07-10T21:36:30","guid":{"rendered":"https:\/\/www.europesays.com\/pt\/446152\/"},"modified":"2026-07-10T21:36:30","modified_gmt":"2026-07-10T21:36:30","slug":"marcia-soares-partilha-encontro-especial-com-ex-concorrente-e-declara-se-big-brother-verao-2026-ultimas-noticias-videos-e-diretos","status":"publish","type":"post","link":"https:\/\/www.europesays.com\/pt\/446152\/","title":{"rendered":"Marcia Soares partilha encontro especial com ex-concorrente e declara-se &#8211; Big Brother Ver\u00e3o 2026: \u00daltimas Not\u00edcias, V\u00eddeos e Diretos"},"content":{"rendered":"<p><strong>Marcelo Palma<\/strong> celebrou, esta quinta-feira, 9 de julho, mais um anivers\u00e1rio e contou com a presen\u00e7a de <a href=\"https:\/\/tvi.iol.pt\/bigbrother\/marcia-soares\/acores\/marcia-soares-vive-momento-unico-e-carregado-de-emocao-surpreendeu-me-da-melhor-forma\" rel=\"nofollow noopener\" target=\"_blank\"><strong>Marcia Soares<\/strong> <\/a>num jantar especial que reuniu amigos e pessoas pr\u00f3ximas.<\/p>\n<p>A comentadora do Big Brother Ver\u00e3o, da TVI, fez quest\u00e3o de assinalar a data nas redes sociais, onde partilhou uma fotografia ao lado do aniversariante, acompanhada de uma carinhosa mensagem: <strong>\u00abParab\u00e9ns, Marcelo. S\u00ea feliz.\u00bb<\/strong><\/p>\n<p><strong>Veja a imagem.<\/strong><\/p>\n<p><img loading=\"lazy\" decoding=\"async\" alt=\"\" height=\"538\" src=\"https:\/\/www.europesays.com\/pt\/wp-content\/uploads\/2026\/07\/6a5107bfd34ef04b4f3f5a7c.webp\" width=\"300\"\/><\/p>\n","protected":false},"excerpt":{"rendered":"Marcelo Palma celebrou, esta quinta-feira, 9 de julho, mais um anivers\u00e1rio e contou com a presen\u00e7a de Marcia&hellip;\n","protected":false},"author":2,"featured_media":446153,"comment_status":"","ping_status":"","sticky":false,"template":"","format":"standard","meta":{"footnotes":"","_share_on_mastodon":"0"},"categories":[85],"tags":[331,48,333,328,335,44941,336,7455,114,115,334,332,330,8366,2038,338,13,32,33,162,227],"class_list":["post-446152","post","type-post","status-publish","format-standard","has-post-thumbnail","category-entretenimento","tag-big","tag-big-brother","tag-comentadores","tag-concorrentes","tag-confrontos","tag-declara-se","tag-discussoes","tag-encontro","tag-entertainment","tag-entretenimento","tag-exclusivos","tag-expulso","tag-gala","tag-marcelo-palma","tag-marcia-soares","tag-maria-botelho-moniz","tag-noticias","tag-portugal","tag-pt","tag-tvi","tag-videos"],"share_on_mastodon":{"url":"https:\/\/pubeurope.com\/@pt\/116897840592699647","error":""},"_links":{"self":[{"href":"https:\/\/www.europesays.com\/pt\/wp-json\/wp\/v2\/posts\/446152","targetHints":{"allow":["GET"]}}],"collection":[{"href":"https:\/\/www.europesays.com\/pt\/wp-json\/wp\/v2\/posts"}],"about":[{"href":"https:\/\/www.europesays.com\/pt\/wp-json\/wp\/v2\/types\/post"}],"author":[{"embeddable":true,"href":"https:\/\/www.europesays.com\/pt\/wp-json\/wp\/v2\/users\/2"}],"replies":[{"embeddable":true,"href":"https:\/\/www.europesays.com\/pt\/wp-json\/wp\/v2\/comments?post=446152"}],"version-history":[{"count":0,"href":"https:\/\/www.europesays.com\/pt\/wp-json\/wp\/v2\/posts\/446152\/revisions"}],"wp:featuredmedia":[{"embeddable":true,"href":"https:\/\/www.europesays.com\/pt\/wp-json\/wp\/v2\/media\/446153"}],"wp:attachment":[{"href":"https:\/\/www.europesays.com\/pt\/wp-json\/wp\/v2\/media?parent=446152"}],"wp:term":[{"taxonomy":"category","embeddable":true,"href":"https:\/\/www.europesays.com\/pt\/wp-json\/wp\/v2\/categories?post=446152"},{"taxonomy":"post_tag","embeddable":true,"href":"https:\/\/www.europesays.com\/pt\/wp-json\/wp\/v2\/tags?post=446152"}],"curies":[{"name":"wp","href":"https:\/\/api.w.org\/{rel}","templated":true}]}}