{"id":446169,"date":"2026-07-10T21:56:12","date_gmt":"2026-07-10T21:56:12","guid":{"rendered":"https:\/\/www.europesays.com\/pt\/446169\/"},"modified":"2026-07-10T21:56:12","modified_gmt":"2026-07-10T21:56:12","slug":"carlos-iii-recebeu-harry-e-meghan-em-evento-privado-que-encerra-semana-que-tambem-passou-por-portugal","status":"publish","type":"post","link":"https:\/\/www.europesays.com\/pt\/446169\/","title":{"rendered":"Carlos III recebeu Harry e Meghan em evento privado que encerra semana que tamb\u00e9m passou por Portugal"},"content":{"rendered":"<p>                Viagem permite que o rei de Inglaterra reveja os netos<\/p>\n<p>O rei Carlos e a rainha Camilla receberam o duque e a duquesa de Sussex, o pr\u00edncipe Archie e a princesa Lilibet na tarde desta sexta-feira, na Highgrove House, a resid\u00eancia rural privada do rei em Gloucestershire, Inglaterra.<\/p>\n<p>O encontro marca a primeira vez que o rei Carlos v\u00ea toda a fam\u00edlia em quatro anos, desde que Harry, Meghan e os seus filhos estiveram no Reino Unido para as comemora\u00e7\u00f5es do Jubileu de Platina da falecida rainha Isabel II.<\/p>\n<p>Nos anos seguintes, Harry fez v\u00e1rias viagens r\u00e1pidas de regresso ao Reino Unido, principalmente para assistir ao funeral da av\u00f3 em 2022 e \u00e0 coroa\u00e7\u00e3o do pai em 2023. O \u00faltimo encontro conhecido entre o duque e o pai foi em setembro, quando os dois tomaram ch\u00e1 na Clarence House, em Londres.<\/p>\n<p>Harry, que chegou ao Reino Unido na noite de segunda-feira, regressou desta vez para assinalar a contagem decrescente de um ano para os Jogos Invictus, a competi\u00e7\u00e3o desportiva ao estilo Paral\u00edmpico para militares e veteranos feridos que criou h\u00e1 mais de uma d\u00e9cada, al\u00e9m de cumprir v\u00e1rios outros compromissos de benefic\u00eancia.<\/p>\n<p>A CNN tinha noticiado anteriormente que a sua mulher e os seus dois filhos poderiam juntar-se a ele ainda esta semana, uma vez que havia esperan\u00e7a de que a viagem permitisse ao rei Carlos reencontrar os seus netos, que t\u00eam agora sete e cinco anos.<\/p>\n<p>A fam\u00edlia real n\u00e3o divulgar\u00e1 imagens ou mais detalhes do encontro, uma vez que se tratou de uma ocasi\u00e3o familiar privada, segundo informa\u00e7\u00f5es da CNN.<\/p>\n<p>A imprensa brit\u00e2nica noticiou que Meghan e as crian\u00e7as estavam de f\u00e9rias em Portugal, onde t\u00eam uma resid\u00eancia, antes de visitarem o Reino Unido esta semana.<\/p>\n<p>Anna Stewart e Lauren Kent, da CNN, contribu\u00edram para esta reportagem<\/p>\n","protected":false},"excerpt":{"rendered":"Viagem permite que o rei de Inglaterra reveja os netos O rei Carlos e a rainha Camilla receberam&hellip;\n","protected":false},"author":2,"featured_media":446170,"comment_status":"","ping_status":"","sticky":false,"template":"","format":"standard","meta":{"footnotes":"","_share_on_mastodon":"0"},"categories":[145],"tags":[609,836,611,27,3608,211,210,607,608,333,832,604,135,610,476,114,115,301,830,711,603,570,831,833,710,62,834,13,835,602,52,32,33,713,29],"class_list":["post-446169","post","type-post","status-publish","format-standard","has-post-thumbnail","category-celebridades","tag-alerta","tag-analise","tag-ao-minuto","tag-breaking-news","tag-carlos-iii","tag-celebridades","tag-celebrities","tag-cnn","tag-cnn-portugal","tag-comentadores","tag-costa","tag-crime","tag-desporto","tag-direto","tag-economia","tag-entertainment","tag-entretenimento","tag-governo","tag-guerra","tag-harry","tag-justica","tag-live","tag-mais-vistas","tag-marcelo","tag-meghan-markle","tag-mundo","tag-negocios","tag-noticias","tag-opiniao","tag-pais","tag-politica","tag-portugal","tag-pt","tag-reino-unido","tag-ultimas"],"share_on_mastodon":{"url":"","error":""},"_links":{"self":[{"href":"https:\/\/www.europesays.com\/pt\/wp-json\/wp\/v2\/posts\/446169","targetHints":{"allow":["GET"]}}],"collection":[{"href":"https:\/\/www.europesays.com\/pt\/wp-json\/wp\/v2\/posts"}],"about":[{"href":"https:\/\/www.europesays.com\/pt\/wp-json\/wp\/v2\/types\/post"}],"author":[{"embeddable":true,"href":"https:\/\/www.europesays.com\/pt\/wp-json\/wp\/v2\/users\/2"}],"replies":[{"embeddable":true,"href":"https:\/\/www.europesays.com\/pt\/wp-json\/wp\/v2\/comments?post=446169"}],"version-history":[{"count":0,"href":"https:\/\/www.europesays.com\/pt\/wp-json\/wp\/v2\/posts\/446169\/revisions"}],"wp:featuredmedia":[{"embeddable":true,"href":"https:\/\/www.europesays.com\/pt\/wp-json\/wp\/v2\/media\/446170"}],"wp:attachment":[{"href":"https:\/\/www.europesays.com\/pt\/wp-json\/wp\/v2\/media?parent=446169"}],"wp:term":[{"taxonomy":"category","embeddable":true,"href":"https:\/\/www.europesays.com\/pt\/wp-json\/wp\/v2\/categories?post=446169"},{"taxonomy":"post_tag","embeddable":true,"href":"https:\/\/www.europesays.com\/pt\/wp-json\/wp\/v2\/tags?post=446169"}],"curies":[{"name":"wp","href":"https:\/\/api.w.org\/{rel}","templated":true}]}}