{"id":446475,"date":"2026-07-11T08:38:13","date_gmt":"2026-07-11T08:38:13","guid":{"rendered":"https:\/\/www.europesays.com\/pt\/446475\/"},"modified":"2026-07-11T08:38:13","modified_gmt":"2026-07-11T08:38:13","slug":"a-morte-da-porta-voz-de-farage-que-choca-o-reino-unido-observador","status":"publish","type":"post","link":"https:\/\/www.europesays.com\/pt\/446475\/","title":{"rendered":"A morte da porta-voz de Farage que choca o Reino Unido \u2013 Observador"},"content":{"rendered":"<p>Matt Longman, assistente da pol\u00edcia de Devon e Cornwall, apenas indicou que este homic\u00eddio <strong>\u201cn\u00e3o est\u00e1 a ser tratado como terrorismo\u201d<\/strong>, mesmo sendo \u201cum incidente extremamente tr\u00e1gico\u201d. A pol\u00edcia abriu uma investiga\u00e7\u00e3o para apurar os contornos da morte. Nigel Farage j\u00e1 fez um pedido nas redes sociais: que se pare com a \u201cespecula\u00e7\u00e3o\u201d em redor do que poder\u00e1 ter motivado este suposto homic\u00eddio.<\/p>\n<p>\u201cN\u00e3o sabemos se h\u00e1 motivos pol\u00edticos. Poder\u00e1 ter sido um roubo que acabou mal? N\u00f3s n\u00e3o sabemos\u201d, frisou o l\u00edder do Reform UK, que, ainda assim, sublinhou que as coisas \u201cest\u00e3o a ficar mais perigosas\u201d principalmente no \u201cespa\u00e7o pol\u00edtico\u201d com o qual se identifica. O primeiro-ministro brit\u00e2nico, Keir Starmer, tamb\u00e9m assinalou a \u201cdivis\u00e3o pol\u00edtica\u201d que existe no Reino Unido: \u201cTodo o pa\u00eds est\u00e1 totalmente chocado com esta not\u00edcia horr\u00edvel\u201d.<\/p>\n<p>Entretanto, foi detido um homem branco com 26 anos. Num v\u00eddeo nas redes sociais, antes da sua deten\u00e7\u00e3o, Keir Starmer descreveu-o como sendo<strong> \u201cperigoso\u201d<\/strong>, mas n\u00e3o deu mais detalhes, pedindo apenas para quem tivesse informa\u00e7\u00f5es para contactar as autoridades. A identidade do suposto homicida ainda n\u00e3o foi revelada pela pol\u00edcia brit\u00e2nica.<\/p>\n<blockquote class=\"twitter-tweet\" data-width=\"500\" data-dnt=\"true\">\n<p lang=\"en\" dir=\"ltr\">The whole country will be utterly shocked by the awful news about the circumstances of Ann Widdecombe\u2019s death.<\/p>\n<p>Today we come together across the political divide and I pay tribute to Ann\u2019s dedication during her many years of public service.<\/p>\n<p>My thoughts and deepest condolences\u2026 <a href=\"https:\/\/t.co\/hXps6A9s78\" rel=\"nofollow\">pic.twitter.com\/hXps6A9s78<\/a><\/p>\n<p>\u2014 Keir Starmer (@Keir_Starmer) <a href=\"https:\/\/x.com\/Keir_Starmer\/status\/2075610445486928191?ref_src=twsrc%5Etfw\" rel=\"nofollow\">July 10, 2026<\/a><\/p>\n<\/blockquote>\n<p>Ainda que seja incerto o que causou a morte de Ann Widdecombe, h\u00e1 dez anos registou-se uma morte com motiva\u00e7\u00f5es pol\u00edticas no Reino Unido. Dias antes do referendo sobre o Brexit, a deputada trabalhista Jo Cox foi alvejada e esfaqueada, acabando por morrer na sequ\u00eancia dos ferimentos. O respons\u00e1vel foi Thomas Mair, um homem associado a grupos de extrema-direita. Durante o ataque, gritou \u201cBritain First\u201d [\u201cBrit\u00e2nia em primeiro lugar\u201d]. Foi condenado a pris\u00e3o perp\u00e9tua.<\/p>\n<p>O perfil de quem matou a antiga deputada que era um dos principais rostos do Reform UK dever\u00e1 ser conhecido em breve. Na mem\u00f3ria coletiva brit\u00e2nica, a imagem de Ann Widdecombe ficar\u00e1 para sempre associada ao seu conservadorismo social, \u00e0 irrever\u00eancia das suas participa\u00e7\u00f5es em programas de televis\u00e3o e \u00e0 forma controversa e carism\u00e1tica com que sempre defendeu as suas opini\u00f5es \u2014 nunca temendo ser impopular.<\/p>\n<p>                    <script async src=\"https:\/\/platform.twitter.com\/widgets.js\" charset=\"utf-8\"><\/script><\/p>\n","protected":false},"excerpt":{"rendered":"Matt Longman, assistente da pol\u00edcia de Devon e Cornwall, apenas indicou que este homic\u00eddio \u201cn\u00e3o est\u00e1 a ser&hellip;\n","protected":false},"author":2,"featured_media":446476,"comment_status":"","ping_status":"","sticky":false,"template":"","format":"standard","meta":{"footnotes":"","_share_on_mastodon":"0"},"categories":[50],"tags":[27,28,445,15,16,14,25,26,21,22,62,12,13,19,20,23,24,713,58,17,18,2303,29,30,31,63,64,65],"class_list":["post-446475","post","type-post","status-publish","format-standard","has-post-thumbnail","category-mundo","tag-breaking-news","tag-breakingnews","tag-europa","tag-featured-news","tag-featurednews","tag-headlines","tag-latest-news","tag-latestnews","tag-main-news","tag-mainnews","tag-mundo","tag-news","tag-noticias","tag-noticias-principais","tag-noticiasprincipais","tag-principais-noticias","tag-principaisnoticias","tag-reino-unido","tag-sociedade","tag-top-stories","tag-topstories","tag-u00d3bito","tag-ultimas","tag-ultimas-noticias","tag-ultimasnoticias","tag-world","tag-world-news","tag-worldnews"],"share_on_mastodon":{"url":"https:\/\/pubeurope.com\/@pt\/116900443355388652","error":""},"_links":{"self":[{"href":"https:\/\/www.europesays.com\/pt\/wp-json\/wp\/v2\/posts\/446475","targetHints":{"allow":["GET"]}}],"collection":[{"href":"https:\/\/www.europesays.com\/pt\/wp-json\/wp\/v2\/posts"}],"about":[{"href":"https:\/\/www.europesays.com\/pt\/wp-json\/wp\/v2\/types\/post"}],"author":[{"embeddable":true,"href":"https:\/\/www.europesays.com\/pt\/wp-json\/wp\/v2\/users\/2"}],"replies":[{"embeddable":true,"href":"https:\/\/www.europesays.com\/pt\/wp-json\/wp\/v2\/comments?post=446475"}],"version-history":[{"count":0,"href":"https:\/\/www.europesays.com\/pt\/wp-json\/wp\/v2\/posts\/446475\/revisions"}],"wp:featuredmedia":[{"embeddable":true,"href":"https:\/\/www.europesays.com\/pt\/wp-json\/wp\/v2\/media\/446476"}],"wp:attachment":[{"href":"https:\/\/www.europesays.com\/pt\/wp-json\/wp\/v2\/media?parent=446475"}],"wp:term":[{"taxonomy":"category","embeddable":true,"href":"https:\/\/www.europesays.com\/pt\/wp-json\/wp\/v2\/categories?post=446475"},{"taxonomy":"post_tag","embeddable":true,"href":"https:\/\/www.europesays.com\/pt\/wp-json\/wp\/v2\/tags?post=446475"}],"curies":[{"name":"wp","href":"https:\/\/api.w.org\/{rel}","templated":true}]}}