{"id":446863,"date":"2026-07-11T17:12:12","date_gmt":"2026-07-11T17:12:12","guid":{"rendered":"https:\/\/www.europesays.com\/pt\/446863\/"},"modified":"2026-07-11T17:12:12","modified_gmt":"2026-07-11T17:12:12","slug":"psg-fecha-substituto-de-goncalo-ramos-e-avancado-chega-de-emblema-sonante","status":"publish","type":"post","link":"https:\/\/www.europesays.com\/pt\/446863\/","title":{"rendered":"PSG fecha substituto de Gon\u00e7alo Ramos e avan\u00e7ado chega de emblema sonante"},"content":{"rendered":"<p>&#8211; Advertisement &#8211;<\/p>\n<p><strong>O PSG est\u00e1 perto de garantir a contrata\u00e7\u00e3o de Ferran Torres. J\u00e1 existe um acordo entre o avan\u00e7ado e os gauleses.<\/strong><\/p>\n<p class=\"wp-block-paragraph\">O PSG j\u00e1 chegou a um acordo com Ferran Torres, faltando apenas negociar o passe com o Barcelona. A informa\u00e7\u00e3o est\u00e1 a ser avan\u00e7ada pelo jornalista Gianluca Di Marzio. Recentemente, o conjunto catal\u00e3o avan\u00e7ou para a aquisi\u00e7\u00e3o de Karim Adeyemi, faltando somente a oficializa\u00e7\u00e3o.<\/p>\n<p class=\"wp-block-paragraph\">Ferran Torres est\u00e1 no \u00faltimo ano de contrato com os blaugrana e \u00e9 improv\u00e1vel que chegue a um novo acordo com o Barcelona. Enquanto isso, o PSG v\u00ea no jogador o substituto ideal para Gon\u00e7alo Ramos, que abandonou o projeto para se juntar ao AC Milan de Ruben Amorim.<\/p>\n<p class=\"wp-block-paragraph\">O avan\u00e7ado est\u00e1 no Mundial 2026, com a Espanha a atingir as meias-finais da prova, sendo uma das candidatas ao t\u00edtulo. Ferran Torres realizou em 2025\/26 um total de 49 encontros, com 21 golos marcados e tr\u00eas assist\u00eancias. O <a href=\"https:\/\/bolanarede.pt\/especial-bola-na-rede\/atualidade\/preco-definido-jogador-pode-abandonar-o-barcelona-por-35-milhoes-de-euros\/\" target=\"_blank\" rel=\"noreferrer noopener nofollow\">jogador pode abandonar o Camp Nou por 35 milh\u00f5es de euros<\/a>. <\/p>\n<blockquote class=\"twitter-tweet\" data-width=\"550\" data-dnt=\"true\">\n<p lang=\"it\" dir=\"ltr\">Ferran Torres ha una base di accordo con il PSG. Il rinnovo con il Barcellona (scadenza 2027) \u00e8 molto difficile: i Blaugrana chiudono per Adeyemi. <a href=\"https:\/\/x.com\/LucaBendoni?ref_src=twsrc%5Etfw\" rel=\"nofollow\">@LucaBendoni<\/a><\/p>\n<p>\u2014 Gianluca Di Marzio (@DiMarzio) <a href=\"https:\/\/x.com\/DiMarzio\/status\/2075705173519847614?ref_src=twsrc%5Etfw\" rel=\"nofollow\">July 10, 2026<\/a><\/p><\/blockquote>\n","protected":false},"excerpt":{"rendered":"&#8211; Advertisement &#8211; O PSG est\u00e1 perto de garantir a contrata\u00e7\u00e3o de Ferran Torres. J\u00e1 existe um acordo&hellip;\n","protected":false},"author":2,"featured_media":446864,"comment_status":"","ping_status":"","sticky":false,"template":"","format":"standard","meta":{"footnotes":"","_share_on_mastodon":"0"},"categories":[87],"tags":[260,1235,135,23570,1767,32,1758,33,134],"class_list":["post-446863","post","type-post","status-publish","format-standard","has-post-thumbnail","category-desporto","tag-atualidade","tag-barcelona","tag-desporto","tag-ferran-torres","tag-ligue-1","tag-portugal","tag-psg","tag-pt","tag-sports"],"share_on_mastodon":{"url":"https:\/\/pubeurope.com\/@pt\/116902464604100485","error":""},"_links":{"self":[{"href":"https:\/\/www.europesays.com\/pt\/wp-json\/wp\/v2\/posts\/446863","targetHints":{"allow":["GET"]}}],"collection":[{"href":"https:\/\/www.europesays.com\/pt\/wp-json\/wp\/v2\/posts"}],"about":[{"href":"https:\/\/www.europesays.com\/pt\/wp-json\/wp\/v2\/types\/post"}],"author":[{"embeddable":true,"href":"https:\/\/www.europesays.com\/pt\/wp-json\/wp\/v2\/users\/2"}],"replies":[{"embeddable":true,"href":"https:\/\/www.europesays.com\/pt\/wp-json\/wp\/v2\/comments?post=446863"}],"version-history":[{"count":0,"href":"https:\/\/www.europesays.com\/pt\/wp-json\/wp\/v2\/posts\/446863\/revisions"}],"wp:featuredmedia":[{"embeddable":true,"href":"https:\/\/www.europesays.com\/pt\/wp-json\/wp\/v2\/media\/446864"}],"wp:attachment":[{"href":"https:\/\/www.europesays.com\/pt\/wp-json\/wp\/v2\/media?parent=446863"}],"wp:term":[{"taxonomy":"category","embeddable":true,"href":"https:\/\/www.europesays.com\/pt\/wp-json\/wp\/v2\/categories?post=446863"},{"taxonomy":"post_tag","embeddable":true,"href":"https:\/\/www.europesays.com\/pt\/wp-json\/wp\/v2\/tags?post=446863"}],"curies":[{"name":"wp","href":"https:\/\/api.w.org\/{rel}","templated":true}]}}