{"id":447123,"date":"2026-07-11T22:36:20","date_gmt":"2026-07-11T22:36:20","guid":{"rendered":"https:\/\/www.europesays.com\/pt\/447123\/"},"modified":"2026-07-11T22:36:20","modified_gmt":"2026-07-11T22:36:20","slug":"pelo-amor-de-deus-em-foto-inedita-aparencia-da-filha-de-sofia-sousa-e-tierry-vilson-divide-opinioes","status":"publish","type":"post","link":"https:\/\/www.europesays.com\/pt\/447123\/","title":{"rendered":"&#8220;Pelo amor de Deus&#8221;: em foto in\u00e9dita, apar\u00eancia da filha de Sofia Sousa e Tierry Vilson divide opini\u00f5es!"},"content":{"rendered":"<p>Foi no passado m\u00eas de abril que <a href=\"https:\/\/selfie.iol.pt\/famosos\/sofia-sousa\/namorado-de-sofia-sousa-gerado-por-inteligencia-artificial-eis-a-resposta\/20260423\/69e9d269d34e28842c833a76\" target=\"_blank\" rel=\"nofollow noopener\">Sofia Sousa assumiu publicamente o namoro com Bruno Sousa.<\/a><\/p>\n<p>Desde ent\u00e3o, o namorado da ex-concorrente de &#8220;<a href=\"https:\/\/tvi.iol.pt\/secretstory\/\" target=\"_blank\" rel=\"nofollow noopener\">Secret Story &#8211; Casa dos Segredos<\/a>&#8221; tem partilhado fotografias da fam\u00edlia de Sofia Sousa, incluindo da filha, Yasmine Dafne.<\/p>\n<p>&#8220;Amo-te gatinha&#8221;, declarou-se o padrasto babado na legenda de uma dessas imagens. E na caixa de coment\u00e1rios, gerou-se a disc\u00f3rdia. &#8220;Est\u00e1 uma mulher. \u00c9 a cara do pai&#8221;, assinalou uma internauta. E outra seguidora reagiu: &#8220;A cara do pai? Pelo amor de Deus! \u00c9 igual \u00e0 m\u00e3e.&#8221;<\/p>\n<p>Recorde-se que Yasmine Dafne \u00e9 fruto da rela\u00e7\u00e3o, entretanto terminada, de Sofia Sousa com <a href=\"https:\/\/selfie.iol.pt\/famosos\/casa-dos-segredos\/filha-de-sofia-sousa-e-tierry-vilson-ja-tem-13-anos-e-esta-exatamente-como-a-mae\/20260615\/6a2f5545d34edcee7c6544d5\" target=\"_blank\" rel=\"nofollow noopener\">Tierry Vilson<\/a>.<\/p>\n<p>Veja, agora, a imagem partilhada pelo namorado de Sofia Sousa na galeria de fotografias que prepar\u00e1mos para si.<\/p>\n","protected":false},"excerpt":{"rendered":"Foi no passado m\u00eas de abril que Sofia Sousa assumiu publicamente o namoro com Bruno Sousa. Desde ent\u00e3o,&hellip;\n","protected":false},"author":2,"featured_media":447124,"comment_status":"","ping_status":"","sticky":false,"template":"","format":"standard","meta":{"footnotes":"","_share_on_mastodon":"0"},"categories":[85],"tags":[2632,114,115,980,1015,619,32,33,1014,1016,1315,1012,20860,162],"class_list":["post-447123","post","type-post","status-publish","format-standard","has-post-thumbnail","category-entretenimento","tag-casa-dos-segredos","tag-entertainment","tag-entretenimento","tag-famosos","tag-instagram","tag-nacional","tag-portugal","tag-pt","tag-reality-show","tag-romance","tag-secret-story","tag-selfie","tag-sofia-sousa","tag-tvi"],"share_on_mastodon":{"url":"https:\/\/pubeurope.com\/@pt\/116903738553310416","error":""},"_links":{"self":[{"href":"https:\/\/www.europesays.com\/pt\/wp-json\/wp\/v2\/posts\/447123","targetHints":{"allow":["GET"]}}],"collection":[{"href":"https:\/\/www.europesays.com\/pt\/wp-json\/wp\/v2\/posts"}],"about":[{"href":"https:\/\/www.europesays.com\/pt\/wp-json\/wp\/v2\/types\/post"}],"author":[{"embeddable":true,"href":"https:\/\/www.europesays.com\/pt\/wp-json\/wp\/v2\/users\/2"}],"replies":[{"embeddable":true,"href":"https:\/\/www.europesays.com\/pt\/wp-json\/wp\/v2\/comments?post=447123"}],"version-history":[{"count":0,"href":"https:\/\/www.europesays.com\/pt\/wp-json\/wp\/v2\/posts\/447123\/revisions"}],"wp:featuredmedia":[{"embeddable":true,"href":"https:\/\/www.europesays.com\/pt\/wp-json\/wp\/v2\/media\/447124"}],"wp:attachment":[{"href":"https:\/\/www.europesays.com\/pt\/wp-json\/wp\/v2\/media?parent=447123"}],"wp:term":[{"taxonomy":"category","embeddable":true,"href":"https:\/\/www.europesays.com\/pt\/wp-json\/wp\/v2\/categories?post=447123"},{"taxonomy":"post_tag","embeddable":true,"href":"https:\/\/www.europesays.com\/pt\/wp-json\/wp\/v2\/tags?post=447123"}],"curies":[{"name":"wp","href":"https:\/\/api.w.org\/{rel}","templated":true}]}}