{"id":447153,"date":"2026-07-11T23:16:11","date_gmt":"2026-07-11T23:16:11","guid":{"rendered":"https:\/\/www.europesays.com\/pt\/447153\/"},"modified":"2026-07-11T23:16:11","modified_gmt":"2026-07-11T23:16:11","slug":"festival-de-rock-do-parque-amplia-estrutura-com-praca-gastronomica-e-area-de-convivencia-portal-engeplus","status":"publish","type":"post","link":"https:\/\/www.europesays.com\/pt\/447153\/","title":{"rendered":"Festival de Rock do Parque amplia estrutura com pra\u00e7a gastron\u00f4mica e \u00e1rea de conviv\u00eancia &#8211; Portal Engeplus"},"content":{"rendered":"<ol>\n<li><a href=\"https:\/\/news.google.com\/rss\/articles\/CBMizgFBVV95cUxNbE9VNkE1a1A5MWU3U0JSd1RIUUZjVTVUWUducS1UUmJGSjN0ODRHYUlGamlpdjVlcXhlWjNNb2h4dTh6QmRQazlrc2hfdGp4RkNITVl0U2ItVEtyODNwNGJZY1pyY3F3TEozMFJZeHlHeE1fWXNaT3A5ZUM5MkpvUFJpXy0wRXdjS0Y0Vnl5MmtULXI1cHl3eFpUY2llYS1hUXo5MmNCdXNiMVRSRGhDY2ZyVjRTRkhkOTJRTEg4MFBnakgzQkI2YUhDUmFRdw?oc=5\" target=\"_blank\" rel=\"nofollow noopener\">Festival de Rock do Parque amplia estrutura com pra\u00e7a gastron\u00f4mica e \u00e1rea de conviv\u00eancia<\/a>&nbsp;&nbsp;Portal Engeplus<\/li>\n<li><a href=\"https:\/\/news.google.com\/rss\/articles\/CBMiygFBVV95cUxQb0N5SmZqRlBQOW1hUjY5WHpvSkk5ZGVLbHFQc2ozRm5yZWh1WERZOTZxbWl2WEpMM2s3REFyWFpIZG5MNHMtWHZjUi1iSDhzdEJLN0RfamZfU3luY3ZxNUxYUk9KUzdDVUh1Q1FNQVhRMGNqVEE4Sy1Dd1FJc1FGX1hDRjhmcXZxZkZEOTY3YkVNMG5nMVNUTUtvcjlKNmJmckc4ZFg0NzhJelh4dTk1UnZpVy1RbkF1UXR0c0lPN1ZPbWZkLTBFNld3?oc=5\" target=\"_blank\" rel=\"nofollow noopener\">Festival de Rock ter\u00e1 shows, pra\u00e7a gastron\u00f4mica e desfile de pets neste domingo (12) em Capivari de Baixo<\/a>&nbsp;&nbsp;extra.sc<\/li>\n<li><a href=\"https:\/\/news.google.com\/rss\/articles\/CBMizAFBVV95cUxPR3dVd2dpaUxIeTdCODhXdTA0cVFNZ182dnNlSkVzX1hOVXVNR3FXMHpBLW1YbjNtelNHSmtYczJCN3c4X0dOZy0yWk5WUk1oT3ZoMnFKRkNpWE94VG9sRVhaVGxTTVNSSVVNaW1SY1JBOFEweC1qbnVZV0JQbzZRTWhpazdTcGJJUjQwZjBvakdSYXJBV1BLQS0zMFpLRnRoY20yMFlEV3lVeXZXZDVtbmJPU2FnMklmR2NtaHVWc253aWJQd25RMndrUEI?oc=5\" target=\"_blank\" rel=\"nofollow noopener\">Festival de Rock no Parque Diamante ter\u00e1 pra\u00e7a gastron\u00f4mica, desfile de pets e shows gratuitos<\/a>&nbsp;&nbsp;Hora Hiper<\/li>\n<li><a href=\"https:\/\/news.google.com\/rss\/articles\/CBMitwFBVV95cUxOemlPWHBYNW0wLTM5OHFaQzZsazhyN3d5S0VTVkFLSWNpTTdObWVXd3FiUmpmS25VQWI2YmVNY1o5ZERHdnhTMXRIQXFIclBMeGtXY2kzMmFRX2xRekxWd1EteTAyTzAwNnR1TlBFam1DXzdXcnZEWGRiMENZNm82azBUd0tDSlUwRFpLbXlVVVdEaDJUY3hmVlNTUVhJcWJpMlZXN1pRSTZ3YnFzc1ZMMkU2YWxYYzg?oc=5\" target=\"_blank\" rel=\"nofollow noopener\">FESTIVAL DE ROCK DO PARQUE AMPLIA ESTRUTURA COM PRA\u00c7A GASTRON\u00d4MICA E \u00c1REA DE CONVIV\u00caNCIA.<\/a>&nbsp;&nbsp;EA Not\u00edcias<\/li>\n<\/ol>\n","protected":false},"excerpt":{"rendered":"Festival de Rock do Parque amplia estrutura com pra\u00e7a gastron\u00f4mica e \u00e1rea de conviv\u00eancia&nbsp;&nbsp;Portal Engeplus Festival de Rock&hellip;\n","protected":false},"author":2,"featured_media":447154,"comment_status":"","ping_status":"","sticky":false,"template":"","format":"standard","meta":{"footnotes":"","_share_on_mastodon":"0"},"categories":[141],"tags":[71801,114,115,2732,149,150,32,33],"class_list":["post-447153","post","type-post","status-publish","format-standard","has-post-thumbnail","category-musica","tag-capivari-de-baixo","tag-entertainment","tag-entretenimento","tag-geral","tag-music","tag-musica","tag-portugal","tag-pt"],"share_on_mastodon":{"url":"https:\/\/pubeurope.com\/@pt\/116903895850559854","error":""},"_links":{"self":[{"href":"https:\/\/www.europesays.com\/pt\/wp-json\/wp\/v2\/posts\/447153","targetHints":{"allow":["GET"]}}],"collection":[{"href":"https:\/\/www.europesays.com\/pt\/wp-json\/wp\/v2\/posts"}],"about":[{"href":"https:\/\/www.europesays.com\/pt\/wp-json\/wp\/v2\/types\/post"}],"author":[{"embeddable":true,"href":"https:\/\/www.europesays.com\/pt\/wp-json\/wp\/v2\/users\/2"}],"replies":[{"embeddable":true,"href":"https:\/\/www.europesays.com\/pt\/wp-json\/wp\/v2\/comments?post=447153"}],"version-history":[{"count":0,"href":"https:\/\/www.europesays.com\/pt\/wp-json\/wp\/v2\/posts\/447153\/revisions"}],"wp:featuredmedia":[{"embeddable":true,"href":"https:\/\/www.europesays.com\/pt\/wp-json\/wp\/v2\/media\/447154"}],"wp:attachment":[{"href":"https:\/\/www.europesays.com\/pt\/wp-json\/wp\/v2\/media?parent=447153"}],"wp:term":[{"taxonomy":"category","embeddable":true,"href":"https:\/\/www.europesays.com\/pt\/wp-json\/wp\/v2\/categories?post=447153"},{"taxonomy":"post_tag","embeddable":true,"href":"https:\/\/www.europesays.com\/pt\/wp-json\/wp\/v2\/tags?post=447153"}],"curies":[{"name":"wp","href":"https:\/\/api.w.org\/{rel}","templated":true}]}}