{"id":447571,"date":"2026-07-12T12:30:15","date_gmt":"2026-07-12T12:30:15","guid":{"rendered":"https:\/\/www.europesays.com\/pt\/447571\/"},"modified":"2026-07-12T12:30:15","modified_gmt":"2026-07-12T12:30:15","slug":"bznoticias-julho-amarelo-reforca-prevencao-e-diagnostico-precoce-das-hepatites-virais-em-natal","status":"publish","type":"post","link":"https:\/\/www.europesays.com\/pt\/447571\/","title":{"rendered":"BZNot\u00edcias &#8211; Julho Amarelo refor\u00e7a preven\u00e7\u00e3o e diagn\u00f3stico precoce das hepatites virais em Natal"},"content":{"rendered":"<p>                                                                                    <img decoding=\"async\" src=\"https:\/\/www.europesays.com\/pt\/wp-content\/uploads\/2026\/07\/565cbb3da57e585b67149c979ba7e4a2.jpg\" class=\"card-img-top \" alt=\"\"\/><br \/>\n                                                                                     Foto: Geovana Albuquerque\/Ag\u00eancia Bras\u00edlia<\/p>\n<p style=\"text-align: justify;\">A Prefeitura de Natal intensificou, durante o m\u00eas de julho, as a\u00e7\u00f5es da campanha Julho Amarelo para fortalecer a vigil\u00e2ncia, a preven\u00e7\u00e3o e o controle das hepatites virais na capital potiguar. Coordenadas pela Secretaria Municipal de Sa\u00fade (SMS), as atividades t\u00eam como objetivo orientar a popula\u00e7\u00e3o sobre as formas de transmiss\u00e3o da doen\u00e7a, incentivar a preven\u00e7\u00e3o e destacar a import\u00e2ncia do diagn\u00f3stico precoce e do tratamento adequado.<\/p>\n<p style=\"text-align: justify;\">As hepatites virais s\u00e3o inflama\u00e7\u00f5es que afetam o f\u00edgado e podem provocar altera\u00e7\u00f5es de diferentes n\u00edveis de gravidade, desde quadros leves at\u00e9 complica\u00e7\u00f5es severas. A transmiss\u00e3o pode ocorrer por contato com sangue contaminado, rela\u00e7\u00f5es sexuais desprotegidas, compartilhamento de objetos perfurocortantes, condi\u00e7\u00f5es inadequadas de saneamento b\u00e1sico e higiene pessoal, al\u00e9m da transmiss\u00e3o da m\u00e3e para o beb\u00ea durante a gesta\u00e7\u00e3o ou o parto.<\/p>\n<p style=\"text-align: justify;\">Um dos principais desafios no enfrentamento da doen\u00e7a \u00e9 o fato de que, na maioria dos casos, a infec\u00e7\u00e3o n\u00e3o apresenta sintomas. Quando eles surgem, podem incluir cansa\u00e7o, febre, mal-estar, tontura, enjoo, v\u00f4mitos, dor abdominal, pele e olhos amarelados, urina escura e fezes claras.<\/p>\n<p style=\"text-align: justify;\">A coordenadora do N\u00facleo Municipal de IST\/Aids e Hepatites Virais da SMS Natal, Tayane Oliveira, alerta que o diagn\u00f3stico tardio ainda representa um dos maiores obst\u00e1culos para o controle da doen\u00e7a. &#8220;Por serem doen\u00e7as silenciosas, as pessoas muitas vezes n\u00e3o sabem que possuem a infec\u00e7\u00e3o, e ela vai evoluindo sem o diagn\u00f3stico necess\u00e1rio e em tempo h\u00e1bil, o que pode causar outros problemas mais s\u00e9rios, como cirrose e at\u00e9 mesmo c\u00e2ncer&#8221;, explicou.<\/p>\n<p style=\"text-align: justify;\">No Brasil, os tipos mais frequentes s\u00e3o as hepatites A, B e C. As hepatites A e B podem ser prevenidas por meio de vacinas oferecidas gratuitamente nas unidades de sa\u00fade do munic\u00edpio. A rede municipal tamb\u00e9m disponibiliza testes r\u00e1pidos para a detec\u00e7\u00e3o das hepatites B e C que, embora n\u00e3o tenham cura, podem ser tratadas. O diagn\u00f3stico precoce possibilita o in\u00edcio do tratamento em tempo oportuno, reduzindo o risco de complica\u00e7\u00f5es e de evolu\u00e7\u00e3o para formas mais graves da doen\u00e7a.<\/p>\n<p>Autor(a): BZN<\/p>\n","protected":false},"excerpt":{"rendered":"Foto: Geovana Albuquerque\/Ag\u00eancia Bras\u00edlia A Prefeitura de Natal intensificou, durante o m\u00eas de julho, as a\u00e7\u00f5es da campanha&hellip;\n","protected":false},"author":2,"featured_media":447572,"comment_status":"","ping_status":"","sticky":false,"template":"","format":"standard","meta":{"footnotes":"","_share_on_mastodon":"0"},"categories":[86],"tags":[66138,116,7561,66136,2555,32,33,66137,8537,10563,117],"class_list":["post-447571","post","type-post","status-publish","format-standard","has-post-thumbnail","category-saude","tag-bznoticias","tag-health","tag-natal","tag-portal-da-abelhinha","tag-portal-de-noticias","tag-portugal","tag-pt","tag-revista-bzzz","tag-rio-grande-do-norte","tag-rn","tag-saude"],"share_on_mastodon":{"url":"https:\/\/pubeurope.com\/@pt\/116907019078938115","error":""},"_links":{"self":[{"href":"https:\/\/www.europesays.com\/pt\/wp-json\/wp\/v2\/posts\/447571","targetHints":{"allow":["GET"]}}],"collection":[{"href":"https:\/\/www.europesays.com\/pt\/wp-json\/wp\/v2\/posts"}],"about":[{"href":"https:\/\/www.europesays.com\/pt\/wp-json\/wp\/v2\/types\/post"}],"author":[{"embeddable":true,"href":"https:\/\/www.europesays.com\/pt\/wp-json\/wp\/v2\/users\/2"}],"replies":[{"embeddable":true,"href":"https:\/\/www.europesays.com\/pt\/wp-json\/wp\/v2\/comments?post=447571"}],"version-history":[{"count":0,"href":"https:\/\/www.europesays.com\/pt\/wp-json\/wp\/v2\/posts\/447571\/revisions"}],"wp:featuredmedia":[{"embeddable":true,"href":"https:\/\/www.europesays.com\/pt\/wp-json\/wp\/v2\/media\/447572"}],"wp:attachment":[{"href":"https:\/\/www.europesays.com\/pt\/wp-json\/wp\/v2\/media?parent=447571"}],"wp:term":[{"taxonomy":"category","embeddable":true,"href":"https:\/\/www.europesays.com\/pt\/wp-json\/wp\/v2\/categories?post=447571"},{"taxonomy":"post_tag","embeddable":true,"href":"https:\/\/www.europesays.com\/pt\/wp-json\/wp\/v2\/tags?post=447571"}],"curies":[{"name":"wp","href":"https:\/\/api.w.org\/{rel}","templated":true}]}}