{"id":447645,"date":"2026-07-12T14:04:11","date_gmt":"2026-07-12T14:04:11","guid":{"rendered":"https:\/\/www.europesays.com\/pt\/447645\/"},"modified":"2026-07-12T14:04:11","modified_gmt":"2026-07-12T14:04:11","slug":"consumidores-trocam-mais-rapidamente-de-carro-eletrico-chines-do-que-de-telemovel-tecnologias","status":"publish","type":"post","link":"https:\/\/www.europesays.com\/pt\/447645\/","title":{"rendered":"Consumidores trocam mais rapidamente de carro el\u00e9trico chin\u00eas do que de telem\u00f3vel &#8211; Tecnologias"},"content":{"rendered":"<p class=\"\">&#13;<br \/>\n        Um autom\u00f3vel \u00e9 um bem duradouro. \u00c9 essa a classifica\u00e7\u00e3o de algo que tem um custo elevado em compara\u00e7\u00e3o com outros produtos, como um telem\u00f3vel, por exemplo. Mas isso est\u00e1 a mudar com os ve\u00edculos el\u00e9tricos, nomeadamente com <b>os carros chineses, que est\u00e3o a ser substitu\u00eddos a um ritmo acelerado.<\/b>&#13;\n    <\/p>\n<p class=\"\">&#13;<br \/>\n        Um relat\u00f3rio da Associa\u00e7\u00e3o Chinesa de Fabricantes de Autom\u00f3veis (CAAM) e da Hejun Consulting, citado pelo 21st Century Business Herald, revela que os ve\u00edculos el\u00e9tricos chineses atualmente em circula\u00e7\u00e3o t\u00eam, em m\u00e9dia, apenas <b>1,8 anos de idade<\/b><b>, em compara\u00e7\u00e3o com os <\/b><b>8,2 anos<\/b> dos autom\u00f3veis com motores a combust\u00e3o.&#13;\n    <\/p>\n<p class=\"\">&#13;<br \/>\n        O<b>\u00a0&#8220;tempo de vida\u201d destes ve\u00edculos <\/b>nas m\u00e3os dos consumidores \u00e9 substancialmente mais curto que o dos autom\u00f3veis a gasolina ou a gas\u00f3leo, sendo at\u00e9 <b>inferior ao tempo durante o qual muitos consumidores mant\u00eam os seus telem\u00f3veis.<\/b>&#13;\n    <\/p>\n<p class=\"\">&#13;<br \/>\n        A <b>explica\u00e7\u00e3o est\u00e1 no perfil do consumidor destes ve\u00edculos<\/b>, que t\u00eam, maioritariamente, menos de 35 anos, que tendem a atribuir grande import\u00e2ncia \u00e0s funcionalidades dos autom\u00f3veis, nomeadamente a autonomia e a tecnologia oferecida.&#13;\n    <\/p>\n<p class=\"\">&#13;<br \/>\n        Outro fator a pesar na decis\u00e3o de rapidamente serem substitu\u00eddos \u00e9 a r\u00e1pida <b>desvaloriza\u00e7\u00e3o destes autom\u00f3veis. <\/b>Dados citados pelo 21st Century Business Herald indicam que um ve\u00edculo el\u00e9trico conserva, em m\u00e9dia, apenas <b>43,35% do seu valor original ao fim de tr\u00eas anos<\/b>.&#13;\n    <\/p>\n","protected":false},"excerpt":{"rendered":"&#13; Um autom\u00f3vel \u00e9 um bem duradouro. \u00c9 essa a classifica\u00e7\u00e3o de algo que tem um custo elevado&hellip;\n","protected":false},"author":2,"featured_media":447646,"comment_status":"","ping_status":"","sticky":false,"template":"","format":"standard","meta":{"footnotes":"","_share_on_mastodon":"0"},"categories":[83],"tags":[2298,4702,88,89,90,32,33,45069,39844],"class_list":["post-447645","post","type-post","status-publish","format-standard","has-post-thumbnail","category-empresas","tag-automoveis","tag-automovel","tag-business","tag-economy","tag-empresas","tag-portugal","tag-pt","tag-veiculo","tag-veiculos-eletricos"],"share_on_mastodon":{"url":"https:\/\/pubeurope.com\/@pt\/116907387546417488","error":""},"_links":{"self":[{"href":"https:\/\/www.europesays.com\/pt\/wp-json\/wp\/v2\/posts\/447645","targetHints":{"allow":["GET"]}}],"collection":[{"href":"https:\/\/www.europesays.com\/pt\/wp-json\/wp\/v2\/posts"}],"about":[{"href":"https:\/\/www.europesays.com\/pt\/wp-json\/wp\/v2\/types\/post"}],"author":[{"embeddable":true,"href":"https:\/\/www.europesays.com\/pt\/wp-json\/wp\/v2\/users\/2"}],"replies":[{"embeddable":true,"href":"https:\/\/www.europesays.com\/pt\/wp-json\/wp\/v2\/comments?post=447645"}],"version-history":[{"count":0,"href":"https:\/\/www.europesays.com\/pt\/wp-json\/wp\/v2\/posts\/447645\/revisions"}],"wp:featuredmedia":[{"embeddable":true,"href":"https:\/\/www.europesays.com\/pt\/wp-json\/wp\/v2\/media\/447646"}],"wp:attachment":[{"href":"https:\/\/www.europesays.com\/pt\/wp-json\/wp\/v2\/media?parent=447645"}],"wp:term":[{"taxonomy":"category","embeddable":true,"href":"https:\/\/www.europesays.com\/pt\/wp-json\/wp\/v2\/categories?post=447645"},{"taxonomy":"post_tag","embeddable":true,"href":"https:\/\/www.europesays.com\/pt\/wp-json\/wp\/v2\/tags?post=447645"}],"curies":[{"name":"wp","href":"https:\/\/api.w.org\/{rel}","templated":true}]}}