{"id":447916,"date":"2026-07-12T19:16:09","date_gmt":"2026-07-12T19:16:09","guid":{"rendered":"https:\/\/www.europesays.com\/pt\/447916\/"},"modified":"2026-07-12T19:16:09","modified_gmt":"2026-07-12T19:16:09","slug":"vazamento-revela-mudanca-aguardada-ha-anos-nos-proximos-celulares-da-huawei","status":"publish","type":"post","link":"https:\/\/www.europesays.com\/pt\/447916\/","title":{"rendered":"Vazamento revela mudan\u00e7a aguardada h\u00e1 anos nos pr\u00f3ximos celulares da Huawei"},"content":{"rendered":"<p>Depois de muitos anos ausente da disputa pelo mercado global de smartphones <strong>5G<\/strong>, a <strong>Huawei<\/strong> pode finalmente estar pronta para voltar. Um novo relat\u00f3rio acaba de revelar que a fabricante chinesa lan\u00e7ar\u00e1 em breve a linha <strong>Pura 90s<\/strong>, que finalmente ter\u00e1 acesso \u00e0s redes 5G fora da <strong>China<\/strong>. Al\u00e9m da conectividade de nova gera\u00e7\u00e3o, outra novidade importante tamb\u00e9m deve acompanhar os aparelhos.<\/p>\n<p>Huawei de volta ao 5G<\/p>\n<p>Segundo informa\u00e7\u00f5es divulgadas por fontes ligadas \u00e0 cadeia de fornecimento da empresa, a <a class=\"lib tg-lib\" href=\"https:\/\/www.oficinadanet.com.br\/huawei\" rel=\"nofollow noopener\" target=\"_blank\">Huawei<\/a> apresentar\u00e1 globalmente os modelos <strong>Pura 90s Pro<\/strong> e <strong>Pura 90s Pro Max<\/strong> durante o evento marcado para a pr\u00f3xima ter\u00e7a-feira (14). A expectativa \u00e9 que os dois aparelhos inaugurem o retorno da conectividade 5G nos smartphones internacionais da marca.<\/p>\n<p>            &#13;<br \/>\n                    &#13;<br \/>\n                        &#13;<br \/>\n                        &#13;<br \/>\n                        &#13;<br \/>\n                        &#13;<br \/>\n                        <img decoding=\"async\" loading=\"lazy\" width=\"330\" height=\"185\" src=\"https:\/\/www.europesays.com\/pt\/wp-content\/uploads\/2026\/07\/pura-huawei.jpg\"  alt=\"Huawei Pura 90\" title=\"Huawei Pura 90\"\/>&#13;<br \/>\n                    Huawei Pura 90&#13;<\/p>\n<p>Para quem n\u00e3o se lembra, a <strong>Huawei <\/strong>tem enfrantado problemas com s<strong> EUA <\/strong>e perdeu o acesso a diversas tecnologias utilizadas em seus celulares vendidos fora da China. Como consequ\u00eancia, a empresa precisou lan\u00e7ar modelos globais limitados ao <strong>4G<\/strong>, mesmo quando vers\u00f5es chinesas j\u00e1 contavam com suporte \u00e0s redes de quinta gera\u00e7\u00e3o.<\/p>\n<p>Agora, documentos obtidos durante processos recentes de homologa\u00e7\u00e3o deixam claro que o futuro Pura 90s Pro Max ser\u00e1 o primeiro smartphone global da fabricante totalmente preparado para operar em redes 5G. Em testes vazados, o aparelho teria alcan\u00e7ado velocidades superiores a <strong>1.100 Mbps<\/strong> para download.<\/p>\n<p>EMUI 16 tamb\u00e9m deve estrear na nova gera\u00e7\u00e3o<\/p>\n<p>Outro detalhe revelado pelos vazamentos envolve o software. A nova linha internacional deve sair de f\u00e1brica com a <strong>EMUI 16<\/strong>, interface baseada no <a class=\"lib tg-lib\" href=\"https:\/\/www.oficinadanet.com.br\/android\" rel=\"nofollow noopener\" target=\"_blank\">Android<\/a> 16 e desenvolvida especialmente para os aparelhos vendidos fora da China. Isso abrir\u00e1 caminho para os f\u00e3s acessarem aplicativos e servi\u00e7os amplamente utilizados no ecossistema Android.<\/p>\n<p>Embora a fabricante ainda n\u00e3o tenha confirmado oficialmente essas informa\u00e7\u00f5es, a expectativa \u00e9 de que todos os detalhes sejam apresentados durante o evento de lan\u00e7amento.<\/p>\n<p><a href=\"https:\/\/www.huaweicentral.com\/huawei-making-real-5g-comeback-in-global-market-with-pura-90s\/\" class=\"tg-link-manual\" rel=\"nofollow  noopener\" target=\"_blank\">Fonte<\/a><\/p>\n","protected":false},"excerpt":{"rendered":"Depois de muitos anos ausente da disputa pelo mercado global de smartphones 5G, a Huawei pode finalmente estar&hellip;\n","protected":false},"author":2,"featured_media":447917,"comment_status":"","ping_status":"","sticky":false,"template":"","format":"standard","meta":{"footnotes":"","_share_on_mastodon":"0"},"categories":[84],"tags":[109,107,108,8010,71905,13,32,33,105,103,104,954,106,110],"class_list":["post-447916","post","type-post","status-publish","format-standard","has-post-thumbnail","category-ciencia-e-tecnologia","tag-ciencia","tag-ciencia-e-tecnologia","tag-cienciaetecnologia","tag-huawei","tag-huawei-pura-90s","tag-noticias","tag-portugal","tag-pt","tag-science","tag-science-and-technology","tag-scienceandtechnology","tag-smartphones","tag-technology","tag-tecnologia"],"share_on_mastodon":{"url":"","error":""},"_links":{"self":[{"href":"https:\/\/www.europesays.com\/pt\/wp-json\/wp\/v2\/posts\/447916","targetHints":{"allow":["GET"]}}],"collection":[{"href":"https:\/\/www.europesays.com\/pt\/wp-json\/wp\/v2\/posts"}],"about":[{"href":"https:\/\/www.europesays.com\/pt\/wp-json\/wp\/v2\/types\/post"}],"author":[{"embeddable":true,"href":"https:\/\/www.europesays.com\/pt\/wp-json\/wp\/v2\/users\/2"}],"replies":[{"embeddable":true,"href":"https:\/\/www.europesays.com\/pt\/wp-json\/wp\/v2\/comments?post=447916"}],"version-history":[{"count":0,"href":"https:\/\/www.europesays.com\/pt\/wp-json\/wp\/v2\/posts\/447916\/revisions"}],"wp:featuredmedia":[{"embeddable":true,"href":"https:\/\/www.europesays.com\/pt\/wp-json\/wp\/v2\/media\/447917"}],"wp:attachment":[{"href":"https:\/\/www.europesays.com\/pt\/wp-json\/wp\/v2\/media?parent=447916"}],"wp:term":[{"taxonomy":"category","embeddable":true,"href":"https:\/\/www.europesays.com\/pt\/wp-json\/wp\/v2\/categories?post=447916"},{"taxonomy":"post_tag","embeddable":true,"href":"https:\/\/www.europesays.com\/pt\/wp-json\/wp\/v2\/tags?post=447916"}],"curies":[{"name":"wp","href":"https:\/\/api.w.org\/{rel}","templated":true}]}}