{"id":44793,"date":"2025-08-25T20:09:10","date_gmt":"2025-08-25T20:09:10","guid":{"rendered":"https:\/\/www.europesays.com\/pt\/44793\/"},"modified":"2025-08-25T20:09:10","modified_gmt":"2025-08-25T20:09:10","slug":"em-obra-inedita-marilena-chaui-apresenta-a-filosofia-como-um-modo-de-vida","status":"publish","type":"post","link":"https:\/\/www.europesays.com\/pt\/44793\/","title":{"rendered":"Em obra in\u00e9dita, Marilena Chau\u00ed apresenta a filosofia como um modo de vida"},"content":{"rendered":"<p>A professora Marilena Chaui retorna \u00e0s livrarias com a obra in\u00e9dita \u201cFilosofia, um modo de vida\u201d (Editora Planeta). O livro re\u00fane textos nunca antes publicados e palestras produzidas ao longo de seis d\u00e9cadas de trajet\u00f3ria de uma das mais influentes pensadoras brasileiras. Nele, a autora defende a filosofia n\u00e3o apenas como disciplina acad\u00eamica ou of\u00edcio <a href=\"https:\/\/pt.wikipedia.org\/wiki\/Intelectual\" rel=\"nofollow noopener\" target=\"_blank\">intelectual<\/a>, mas como uma forma de viver \u2014 capaz de influenciar decis\u00f5es, escolhas e modos de agir no <a href=\"https:\/\/pt.wikipedia.org\/wiki\/Cotidiano\" rel=\"nofollow noopener\" target=\"_blank\">cotidiano<\/a>.<\/p>\n<p>Para <strong>Chaui<\/strong>, o pensamento filos\u00f3fico n\u00e3o \u00e9 algo que se possa desligar ao fim do dia de trabalho, tampouco esquecer como uma tarefa conclu\u00edda. Ao contr\u00e1rio, trata-se de uma pr\u00e1tica permanente, que acompanha cada pessoa. Por isso, poucos conseguem defini-lo em sua totalidade. \u201cDesde S\u00f3crates a escolha desse modo de vida n\u00e3o \u00e9 algo que aconte\u00e7a depois de realizado o percurso te\u00f3rico, n\u00e3o vem depois de conclu\u00eddo o processo da atividade filos\u00f3fica teor\u00e9tica, mas, ao contr\u00e1rio, esse modo de vida se encontra na origem do processo, \u00e9 sua raz\u00e3o de ser\u201d, escreve.<\/p>\n<p>Ao longo da obra, a fil\u00f3sofa constr\u00f3i um percurso argumentativo marcado por temas fundamentais: as belas-artes, a rela\u00e7\u00e3o entre natureza e cultura, a t\u00e9cnica e a tecnologia, al\u00e9m de reflex\u00f5es sobre \u00e9tica e sobre a servid\u00e3o volunt\u00e1ria. Sua proposta conduz o leitor a exercitar o rigor do <a href=\"https:\/\/aventurasnahistoria.com.br\/noticias\/vitrine\/pensador-do-renascimento-5-ensinamentos-de-nicolau-maquiavel.phtml\" rel=\"nofollow noopener\" target=\"_blank\">pensamento<\/a>, a articular argumentos l\u00f3gicos e persuasivos e a compreender as rela\u00e7\u00f5es entre linguagem e raz\u00e3o.<\/p>\n<p>\u201cA filosofia \u00e9 um modo de vida que suscita uma maneira de pensar e uma maneira de falar que p\u00f5em em a\u00e7\u00e3o a raz\u00e3o. Comunicativa, a filosofia \u00e9 uma atividade racional expressiva cuja finalidade \u00e9 tornar cada um melhor e, dessa maneira, tornar todos melhores\u201d, afirma a autora.<\/p>\n<p>Em \u201cFilosofia, um modo de vida\u201d, <strong>Chaui<\/strong> celebra o saber como busca incessante: questionar, interrogar, examinar origens, sentidos e finalidades. Com a mesma did\u00e1tica que marcou obras como Ideologia, ela apresenta aqui um livro indispens\u00e1vel tanto para leitores familiarizados com sua produ\u00e7\u00e3o intelectual quanto para aqueles que desejam uma introdu\u00e7\u00e3o clara \u2014 mas nunca superficial \u2014 ao campo filos\u00f3fico.<\/p>\n<p>        <a href=\"https:\/\/aventurasnahistoria.com.br\/noticias\/author\/giovanna-gomes\" rel=\"nofollow noopener\" target=\"_blank\">&#13;<br \/>\n          <img alt=\"Giovanna Gomes\" src=\"https:\/\/www.europesays.com\/pt\/wp-content\/uploads\/2025\/08\/1756152550_909_33b368a526ac26c2f7de6462fce3004285811f04809ed05857f30d16a462d4c5\"  class=\"avatar avatar-115 photo rounded-circle mr-3\" height=\"115\" width=\"115\" loading=\"lazy\" decoding=\"async\"\/>        <\/a><\/p>\n<p>Giovanna Gomes \u00e9 jornalista e estudante de Hist\u00f3ria pela USP. Gosta de escrever sobre arte, arqueologia e tudo que diz repeito \u00e0 cultura e \u00e0 hist\u00f3ria do ser humano.<\/p>\n","protected":false},"excerpt":{"rendered":"A professora Marilena Chaui retorna \u00e0s livrarias com a obra in\u00e9dita \u201cFilosofia, um modo de vida\u201d (Editora Planeta).&hellip;\n","protected":false},"author":2,"featured_media":44794,"comment_status":"","ping_status":"","sticky":false,"template":"","format":"standard","meta":{"footnotes":""},"categories":[143],"tags":[169,114,115,13634,10300,237,170,13635,32,33],"class_list":{"0":"post-44793","1":"post","2":"type-post","3":"status-publish","4":"format-standard","5":"has-post-thumbnail","7":"category-livros","8":"tag-books","9":"tag-entertainment","10":"tag-entretenimento","11":"tag-filosofa","12":"tag-filosofia","13":"tag-livro","14":"tag-livros","15":"tag-marilena-chaui","16":"tag-portugal","17":"tag-pt"},"share_on_mastodon":{"url":"","error":""},"_links":{"self":[{"href":"https:\/\/www.europesays.com\/pt\/wp-json\/wp\/v2\/posts\/44793","targetHints":{"allow":["GET"]}}],"collection":[{"href":"https:\/\/www.europesays.com\/pt\/wp-json\/wp\/v2\/posts"}],"about":[{"href":"https:\/\/www.europesays.com\/pt\/wp-json\/wp\/v2\/types\/post"}],"author":[{"embeddable":true,"href":"https:\/\/www.europesays.com\/pt\/wp-json\/wp\/v2\/users\/2"}],"replies":[{"embeddable":true,"href":"https:\/\/www.europesays.com\/pt\/wp-json\/wp\/v2\/comments?post=44793"}],"version-history":[{"count":0,"href":"https:\/\/www.europesays.com\/pt\/wp-json\/wp\/v2\/posts\/44793\/revisions"}],"wp:featuredmedia":[{"embeddable":true,"href":"https:\/\/www.europesays.com\/pt\/wp-json\/wp\/v2\/media\/44794"}],"wp:attachment":[{"href":"https:\/\/www.europesays.com\/pt\/wp-json\/wp\/v2\/media?parent=44793"}],"wp:term":[{"taxonomy":"category","embeddable":true,"href":"https:\/\/www.europesays.com\/pt\/wp-json\/wp\/v2\/categories?post=44793"},{"taxonomy":"post_tag","embeddable":true,"href":"https:\/\/www.europesays.com\/pt\/wp-json\/wp\/v2\/tags?post=44793"}],"curies":[{"name":"wp","href":"https:\/\/api.w.org\/{rel}","templated":true}]}}