{"id":448094,"date":"2026-07-12T23:41:26","date_gmt":"2026-07-12T23:41:26","guid":{"rendered":"https:\/\/www.europesays.com\/pt\/448094\/"},"modified":"2026-07-12T23:41:26","modified_gmt":"2026-07-12T23:41:26","slug":"novo-furo-de-captacao-reforca-abastecimento-de-agua-em-almada-cortes-mantem-se-e-ministra-preve-normalizacao-em-2-a-3-semanas","status":"publish","type":"post","link":"https:\/\/www.europesays.com\/pt\/448094\/","title":{"rendered":"Novo furo de capta\u00e7\u00e3o refor\u00e7a abastecimento de \u00e1gua em Almada: cortes mant\u00eam-se e ministra prev\u00ea normaliza\u00e7\u00e3o em 2 a 3 semanas"},"content":{"rendered":"<p>A entidade diz que esta antecipa\u00e7\u00e3o, que surge na sequ\u00eancia de muitos protestos da popula\u00e7\u00e3o, foi poss\u00edvel gra\u00e7as a &#8220;um esfor\u00e7o t\u00e9cnico e operacional excecional, que mobilizou equipas de diferentes \u00e1reas dos SMAS e de empresas parceiras, permitindo acelerar todas as fases do processo, desde os trabalhos de instala\u00e7\u00e3o e liga\u00e7\u00e3o \u00e0 rede at\u00e9 aos ensaios e verifica\u00e7\u00f5es t\u00e9cnicas indispens\u00e1veis para garantir a seguran\u00e7a e a qualidade do abastecimento&#8221;, l\u00ea-se no comunicado. <\/p>\n<p>Este novo furo vai aumentar a capacidade de produ\u00e7\u00e3o em mais 60 m\u00b3\/h, &#8220;refor\u00e7ando a resposta \u00e0s medidas que t\u00eam vindo a ser implementadas para fazer face ao aumento dos consumos e aos constrangimentos registados nas \u00faltimas semanas&#8221;.<\/p>\n<p>Os SMAS avan\u00e7am ainda que continuam em curso um conjunto de interven\u00e7\u00f5es mais aumentar a capacidade de resposta da rede para um servi\u00e7o &#8220;mais robusto e resiliente&#8221;.<\/p>\n<p>Este novo furo, por\u00e9m, n\u00e3o altera o corte total de abastecimento de \u00e1gua previsto para os pr\u00f3ximas dia em diferentes localidades, entre as<strong> <\/strong>22h00 e as 06h00<strong>.<\/strong><\/p>\n<ul>\n<li>\n<p><strong>12 de julho<\/strong>\u00a0&#8211; Pragal, ap\u00f3s a Praceta Ricardo Jorge \/ Almada\/ Cacilhas\/ Ramalha \/ Cova da Piedade at\u00e9 \u00e0 rotunda dos Bombeiros \/ Bairro da Cova da Piedade \/ Centro Sul.<\/p>\n<\/li>\n<li>\n<p><strong>13 de julho<\/strong>&#8211; Charneca de Caparica\/ Aroeira \/Marisol\/ Fonte da Telha\/ Palhais\/ Lazarim\/ Botequim\/ Vila Nova da Caparica\/ Capuchos\/ Pilotos\/ Funchalinho\/ Vale Rosal\/ Vale Cavala\/ Quinti-nhas\/ Quinta de Santa Teresa\/ Trafaria\/ Raposeira\/ Corvina\/ Fonte Santa\/ Ban\u00e1tica \/Porto Brand\u00e3o.<\/p>\n<\/li>\n<li>\n<p><strong>14 de julho<\/strong>\u00a0&#8211; Laranjeiro\/ Feij\u00f3\/Vale Flores\/ Barrocas\/ Cova da Piedade \/Chegadinho\/ Pragal at\u00e9 \u00e0 Praceta Ricardo Jorge\/Monte da Caparica\/ Raposo\/ Torre \/ Murfac\u00e9m\/ Pera\/ Alto do \u00cdn-dio\/Vale Flores\/Quinta do Secret\u00e1rio\/Vale Mourelos.<\/p>\n<\/li>\n<li>\n<p><strong>15 de julho<\/strong>\u00a0&#8211; Pragal, ap\u00f3s a Praceta Ricardo Jorge \/ Almada\/ Cacilhas\/ Ramalha \/ Cova da Piedade at\u00e9 \u00e0 rotunda dos bombeiros \/ Bairro da Cova da Piedade \/ Centro Sul.<\/p>\n<\/li>\n<li>\n<p><strong>16 de julho<\/strong>\u00a0&#8211; Charneca de Caparica\/ Aroeira \/Marisol\/ Fonte da Telha\/ Palhais\/ Lazarim\/ Botequim\/ Vila Nova da Caparica\/ Capuchos\/ Pilotos\/ Funchalinho\/ Vale Rosal\/ Vale Cavala\/ Quinti-nhas\/ Quinta de Santa Teresa\/ Trafaria\/ Raposeira\/ Corvina\/ Fonte Santa\/ Ban\u00e1tica \/Porto Brand\u00e3o.<\/p>\n<\/li>\n<li>\n<p><strong>17 de julho<\/strong>\u00a0&#8211; Laranjeiro \/Feij\u00f3\/ Vale Flores\/ Barrocas\/ Cova da Piedade \/Chegadinho\/ Pragal at\u00e9 \u00e0 Praceta Ricardo Jorge\/Monte da Caparica\/ Raposo\/ Torre \/ Murfac\u00e9m\/ Pera\/ Alto do \u00cdn-dio\/Vale Flores\/Quinta do Secret\u00e1rio\/Vale Mourelos.<\/p>\n<\/li>\n<\/ul>\n","protected":false},"excerpt":{"rendered":"A entidade diz que esta antecipa\u00e7\u00e3o, que surge na sequ\u00eancia de muitos protestos da popula\u00e7\u00e3o, foi poss\u00edvel gra\u00e7as&hellip;\n","protected":false},"author":2,"featured_media":448095,"comment_status":"","ping_status":"","sticky":false,"template":"","format":"standard","meta":{"footnotes":"","_share_on_mastodon":"0"},"categories":[10],"tags":[1467,7087,27,28,15,16,14,25,26,21,22,12,13,19,20,32,23,24,33,71921,17,18,29,30,31],"class_list":["post-448094","post","type-post","status-publish","format-standard","has-post-thumbnail","category-portugal","tag-agua","tag-almada","tag-breaking-news","tag-breakingnews","tag-featured-news","tag-featurednews","tag-headlines","tag-latest-news","tag-latestnews","tag-main-news","tag-mainnews","tag-news","tag-noticias","tag-noticias-principais","tag-noticiasprincipais","tag-portugal","tag-principais-noticias","tag-principaisnoticias","tag-pt","tag-smas-almada","tag-top-stories","tag-topstories","tag-ultimas","tag-ultimas-noticias","tag-ultimasnoticias"],"share_on_mastodon":{"url":"https:\/\/pubeurope.com\/@pt\/116909656744638724","error":""},"_links":{"self":[{"href":"https:\/\/www.europesays.com\/pt\/wp-json\/wp\/v2\/posts\/448094","targetHints":{"allow":["GET"]}}],"collection":[{"href":"https:\/\/www.europesays.com\/pt\/wp-json\/wp\/v2\/posts"}],"about":[{"href":"https:\/\/www.europesays.com\/pt\/wp-json\/wp\/v2\/types\/post"}],"author":[{"embeddable":true,"href":"https:\/\/www.europesays.com\/pt\/wp-json\/wp\/v2\/users\/2"}],"replies":[{"embeddable":true,"href":"https:\/\/www.europesays.com\/pt\/wp-json\/wp\/v2\/comments?post=448094"}],"version-history":[{"count":0,"href":"https:\/\/www.europesays.com\/pt\/wp-json\/wp\/v2\/posts\/448094\/revisions"}],"wp:featuredmedia":[{"embeddable":true,"href":"https:\/\/www.europesays.com\/pt\/wp-json\/wp\/v2\/media\/448095"}],"wp:attachment":[{"href":"https:\/\/www.europesays.com\/pt\/wp-json\/wp\/v2\/media?parent=448094"}],"wp:term":[{"taxonomy":"category","embeddable":true,"href":"https:\/\/www.europesays.com\/pt\/wp-json\/wp\/v2\/categories?post=448094"},{"taxonomy":"post_tag","embeddable":true,"href":"https:\/\/www.europesays.com\/pt\/wp-json\/wp\/v2\/tags?post=448094"}],"curies":[{"name":"wp","href":"https:\/\/api.w.org\/{rel}","templated":true}]}}