{"id":448278,"date":"2026-07-13T03:21:12","date_gmt":"2026-07-13T03:21:12","guid":{"rendered":"https:\/\/www.europesays.com\/pt\/448278\/"},"modified":"2026-07-13T03:21:12","modified_gmt":"2026-07-13T03:21:12","slug":"incendio-num-bar-em-banguecoque-faz-pelo-menos-27-mortos","status":"publish","type":"post","link":"https:\/\/www.europesays.com\/pt\/448278\/","title":{"rendered":"Inc\u00eandio num bar em Banguecoque faz pelo menos 27 mortos"},"content":{"rendered":"\n<p>&#13;<br \/>\nDe acordo com a ag\u00eancia Associated Press, o inc\u00eandio foi comunicado \u00e0s autoridades por volta da meia-noite (18h00 em Lisboa) e provocou v\u00e1rios mortos antes de os bombeiros conseguirem controlar as chamas.\u00a0&#13;\n<\/p>\n<p>&#13;<br \/>\n<b>O primeiro-ministro da Tail\u00e2ndia, Anutin Charnvirakul, confirmou aos &#13;<br \/>\njornalistas no local que 27 pessoas morreram e v\u00e1rias foram levadas para&#13;<br \/>\no hospital, acrescentando que a causa do inc\u00eandio continua a ser &#13;<br \/>\ninvestigada.&#13;<br \/>\n<\/b>&#13;\n<\/p>\n<p>&#13;<br \/>\nAs imagens partilhadas nas redes sociais mostram um enorme inc\u00eandio a alastrar pela porta da frente do bar, enquanto as pessoas tentavam fugir, com uma espessa nuvem de fumo negro a elevar-se para o c\u00e9u.&#13;\n<\/p>\n<blockquote class=\"twitter-tweet\"><p>&#13;<\/p>\n<p dir=\"ltr\" lang=\"en\">&#13;<br \/>\n\tBREAKING: At least 27 people killed in Bangkok restaurant fire, local media says <a href=\"https:\/\/t.co\/I1w8nfox6y\" rel=\"nofollow\">pic.twitter.com\/I1w8nfox6y<\/a>&#13;\n\t<\/p>\n<p>&#13;<br \/>\n\t\u2014 BNO News Live (@BNODesk) <a href=\"https:\/\/x.com\/BNODesk\/status\/2076377474162729006?ref_src=twsrc%5Etfw\" rel=\"nofollow\">July 12, 2026<\/a>&#13;\n<\/p><\/blockquote>\n<p>&#13;<br \/>\n<b>Os bombeiros demoraram cerca de meia hora a controlar o inc\u00eandio, segundo as autoridades.&#13;<br \/>\n<\/b>&#13;\n<\/p>\n<p>&#13;<br \/>\nA Tail\u00e2ndia j\u00e1 viveu trag\u00e9dias semelhantes no passado. Em 2022, 14 pessoas morreram num inc\u00eandio num bar na parte oriental da cidade, e em janeiro de 2009 mais de 200 pessoas ficaram feridas e 66 morreram num inc\u00eandio durante a celebra\u00e7\u00e3o da passagem de ano, na discoteca Santika, tamb\u00e9m em Banguecoque, aparentemente provocado por fogo de artif\u00edcio no interior do local.&#13;\n<\/p>\n<p>&#13;<br \/>\nc\/ag\u00eancias&#13;\n<\/p>\n<p>            <script async src=\"https:\/\/platform.twitter.com\/widgets.js\" charset=\"utf-8\"><\/script><\/p>\n","protected":false},"excerpt":{"rendered":"&#13; De acordo com a ag\u00eancia Associated Press, o inc\u00eandio foi comunicado \u00e0s autoridades por volta da meia-noite&hellip;\n","protected":false},"author":2,"featured_media":448279,"comment_status":"","ping_status":"","sticky":false,"template":"","format":"standard","meta":{"footnotes":"","_share_on_mastodon":"0"},"categories":[50],"tags":[21877,27,28,15,16,14,625,25,26,21,22,62,12,13,19,20,23,24,927,17,18,29,30,31,63,64,65],"class_list":["post-448278","post","type-post","status-publish","format-standard","has-post-thumbnail","category-mundo","tag-banguecoque","tag-breaking-news","tag-breakingnews","tag-featured-news","tag-featurednews","tag-headlines","tag-incendio","tag-latest-news","tag-latestnews","tag-main-news","tag-mainnews","tag-mundo","tag-news","tag-noticias","tag-noticias-principais","tag-noticiasprincipais","tag-principais-noticias","tag-principaisnoticias","tag-tailandia","tag-top-stories","tag-topstories","tag-ultimas","tag-ultimas-noticias","tag-ultimasnoticias","tag-world","tag-world-news","tag-worldnews"],"share_on_mastodon":{"url":"","error":""},"_links":{"self":[{"href":"https:\/\/www.europesays.com\/pt\/wp-json\/wp\/v2\/posts\/448278","targetHints":{"allow":["GET"]}}],"collection":[{"href":"https:\/\/www.europesays.com\/pt\/wp-json\/wp\/v2\/posts"}],"about":[{"href":"https:\/\/www.europesays.com\/pt\/wp-json\/wp\/v2\/types\/post"}],"author":[{"embeddable":true,"href":"https:\/\/www.europesays.com\/pt\/wp-json\/wp\/v2\/users\/2"}],"replies":[{"embeddable":true,"href":"https:\/\/www.europesays.com\/pt\/wp-json\/wp\/v2\/comments?post=448278"}],"version-history":[{"count":0,"href":"https:\/\/www.europesays.com\/pt\/wp-json\/wp\/v2\/posts\/448278\/revisions"}],"wp:featuredmedia":[{"embeddable":true,"href":"https:\/\/www.europesays.com\/pt\/wp-json\/wp\/v2\/media\/448279"}],"wp:attachment":[{"href":"https:\/\/www.europesays.com\/pt\/wp-json\/wp\/v2\/media?parent=448278"}],"wp:term":[{"taxonomy":"category","embeddable":true,"href":"https:\/\/www.europesays.com\/pt\/wp-json\/wp\/v2\/categories?post=448278"},{"taxonomy":"post_tag","embeddable":true,"href":"https:\/\/www.europesays.com\/pt\/wp-json\/wp\/v2\/tags?post=448278"}],"curies":[{"name":"wp","href":"https:\/\/api.w.org\/{rel}","templated":true}]}}