{"id":448320,"date":"2026-07-13T05:11:20","date_gmt":"2026-07-13T05:11:20","guid":{"rendered":"https:\/\/www.europesays.com\/pt\/448320\/"},"modified":"2026-07-13T05:11:20","modified_gmt":"2026-07-13T05:11:20","slug":"wegovy-mounjaro-e-o-envelhecimento-13-07-2026","status":"publish","type":"post","link":"https:\/\/www.europesays.com\/pt\/448320\/","title":{"rendered":"Wegovy, Mounjaro e o envelhecimento &#8211; 13\/07\/2026"},"content":{"rendered":"<p>H\u00e1 clareza cient\u00edfica de que o emagrecimento traz melhoras robustas em v\u00e1rios aspectos org\u00e2nicos, protegendo-nos de in\u00fameras outras patologias, notadamente o diabetes tipo 2 e tudo o que dele decorre.<\/p>\n<p>E n\u00e3o por menos, vivemos a era dos medicamentos antiobesidade, representados principalmente por injet\u00e1veis que v\u00eam avan\u00e7ando desde 2006, quando foi lan\u00e7ado o Byetta, e, mais recentemente, s\u00e3o prescritos sob os nomes Wegovy e Mounjaro, em um progresso evolutivo que parece estar longe de ser encerrado.<\/p>\n<p>Existe um grande movimento para descobrir mais vantagens dessas subst\u00e2ncias, al\u00e9m das proporcionadas pela perda ponderal, bem como investigar transtornos decorrentes de seu uso. A rela\u00e7\u00e3o com o envelhecimento \u00e9 uma dessas avalia\u00e7\u00f5es que t\u00eam sido pautadas, seja para retard\u00e1-lo, seja para influenci\u00e1-lo negativamente.<\/p>\n<p><a target=\"_new\" href=\"https:\/\/news.google.com\/publications\/CAAqJggKIiBDQklTRWdnTWFnNEtER1JuWVdKakxtTnZiUzVpY2lnQVAB?hl=pt-BR&amp;gl=BR&amp;ceid=BR%3Apt-419\" rel=\"nofollow noopener\"><img decoding=\"async\" src=\"https:\/\/www.europesays.com\/pt\/wp-content\/uploads\/2026\/07\/1783919480_555_SeguirDiarioDiscovery.webp\" alt=\"DGABC\"\/><\/a><\/p>\n<p>Estudo publicado em 19 de maio deste ano na Nature Communications demonstrou que a Semaglutida (Wegovy, Ozempic) pode reduzir o ritmo do envelhecimento biol\u00f3gico em cerca de 9% e muito \u00e9 interrogado quanto aos mecanismos que patrocinariam essa ocorr\u00eancia.<\/p>\n<p>Estes f\u00e1rmacos reduzem significativamente a inflama\u00e7\u00e3o cr\u00f4nica de baixo grau, presente na obesidade e uma das principais causas do envelhecimento acelerado, al\u00e9m de otimizar o metabolismo da glicose, revertendo o estresse oxidativo e reduzindo o risco de eventos cardiovasculares. Talvez essas a\u00e7\u00f5es justifiquem o suposto potencial antienvelhecimento destes rem\u00e9dios, identificado no supracitado estudo; contudo, tais benef\u00edcios ocorreriam tamb\u00e9m independentemente do emagrecimento?<\/p>\n<p>De outro lado, essa classe medicamentosa \u00e9 acusada de induzir ou acelerar a perda de massa muscular e de aumentar o risco de osteoporose precoce e de fraturas decorrentes da perda de massa \u00f3ssea, comprometimento que agrava ainda mais o processo de envelhecimento.<\/p>\n<p>Ainda que muitas pesquisas sejam necess\u00e1rias neste campo, \u00e9 poss\u00edvel que estes f\u00e1rmacos estejam inaugurando uma era em que a sua a\u00e7\u00e3o protetora contra a deteriora\u00e7\u00e3o celular ganhe protagonismo real. Esse benef\u00edcio pode se mostrar consequente, mas tamb\u00e9m independente do emagrecimento. Assim, o desafio passaria a ser a busca por um caminho para utilizar esse potencial de retardo do envelhecimento sem pagar o pre\u00e7o da fragilidade musculoesquel\u00e9tica.<\/p>\n<p>\u00c9 esperar para ver!<\/p>\n<p><strong>Antonio Carlos do Nascimento<\/strong> \u00e9 doutor em endocrinologia pela Faculdade de Medicina da USP e membro da Sociedade de Endocrinologia e Metabologia.<\/p>\n","protected":false},"excerpt":{"rendered":"H\u00e1 clareza cient\u00edfica de que o emagrecimento traz melhoras robustas em v\u00e1rios aspectos org\u00e2nicos, protegendo-nos de in\u00fameras outras&hellip;\n","protected":false},"author":2,"featured_media":448321,"comment_status":"","ping_status":"","sticky":false,"template":"","format":"standard","meta":{"footnotes":"","_share_on_mastodon":"0"},"categories":[86],"tags":[2285,2298,3904,2299,2286,2293,2297,2287,476,1062,2284,116,82,2292,1208,619,1133,13,2300,2288,52,987,32,33,2294,2295,4066,71957,2289,2290,2291,117,2296,1456],"class_list":["post-448320","post","type-post","status-publish","format-standard","has-post-thumbnail","category-saude","tag-abc","tag-automoveis","tag-coluna","tag-d","tag-dgabc","tag-diadema","tag-diarinho","tag-diario","tag-economia","tag-esportes","tag-grande-abc","tag-health","tag-internacional","tag-maua","tag-medicina","tag-nacional","tag-noticia","tag-noticias","tag-noticias-on-line-abc","tag-on-line","tag-politica","tag-portal","tag-portugal","tag-pt","tag-ribeirao-pires","tag-rio-grande-da-serra","tag-sade","tag-sabores-e-saberes","tag-santo-andre","tag-sao-bernardo","tag-sao-caetano","tag-saude","tag-setecidades","tag-turismo"],"share_on_mastodon":{"url":"https:\/\/pubeurope.com\/@pt\/116910954489741587","error":""},"_links":{"self":[{"href":"https:\/\/www.europesays.com\/pt\/wp-json\/wp\/v2\/posts\/448320","targetHints":{"allow":["GET"]}}],"collection":[{"href":"https:\/\/www.europesays.com\/pt\/wp-json\/wp\/v2\/posts"}],"about":[{"href":"https:\/\/www.europesays.com\/pt\/wp-json\/wp\/v2\/types\/post"}],"author":[{"embeddable":true,"href":"https:\/\/www.europesays.com\/pt\/wp-json\/wp\/v2\/users\/2"}],"replies":[{"embeddable":true,"href":"https:\/\/www.europesays.com\/pt\/wp-json\/wp\/v2\/comments?post=448320"}],"version-history":[{"count":0,"href":"https:\/\/www.europesays.com\/pt\/wp-json\/wp\/v2\/posts\/448320\/revisions"}],"wp:featuredmedia":[{"embeddable":true,"href":"https:\/\/www.europesays.com\/pt\/wp-json\/wp\/v2\/media\/448321"}],"wp:attachment":[{"href":"https:\/\/www.europesays.com\/pt\/wp-json\/wp\/v2\/media?parent=448320"}],"wp:term":[{"taxonomy":"category","embeddable":true,"href":"https:\/\/www.europesays.com\/pt\/wp-json\/wp\/v2\/categories?post=448320"},{"taxonomy":"post_tag","embeddable":true,"href":"https:\/\/www.europesays.com\/pt\/wp-json\/wp\/v2\/tags?post=448320"}],"curies":[{"name":"wp","href":"https:\/\/api.w.org\/{rel}","templated":true}]}}