{"id":448338,"date":"2026-07-13T05:44:14","date_gmt":"2026-07-13T05:44:14","guid":{"rendered":"https:\/\/www.europesays.com\/pt\/448338\/"},"modified":"2026-07-13T05:44:14","modified_gmt":"2026-07-13T05:44:14","slug":"chamas-consumiram-armazem-em-camarate","status":"publish","type":"post","link":"https:\/\/www.europesays.com\/pt\/448338\/","title":{"rendered":"Chamas consumiram armaz\u00e9m em Camarate"},"content":{"rendered":"\n<p>&#13;<br \/>\nO inc\u00eandio industrial em Camarate, concelho de Loures, que come\u00e7ou ao in\u00edcio da noite deste domingo numa zona de armaz\u00e9ns j\u00e1 est\u00e1 dominado, revelaram os bombeiros de Lisboa, acrescentando que o fogo queimou paletes e viaturas sem provocar feridos.&#13;\n<\/p>\n<p>\n<b>O alerta foi dado \u00e0s 20h44 e o inc\u00eandio, que deflagrou num armaz\u00e9m no Bairro de S\u00e3o Francisco, mobilizou mais de 50 operacionais, com o apoio de 17 ve\u00edculos.<\/b><\/p>\n<p>          <img decoding=\"async\" itemprop=\"image\" class=\"img-fluid\"   src=\"https:\/\/www.europesays.com\/pt\/wp-content\/uploads\/2026\/07\/4503b432cecf0d74fc8cfdf839de11a4_N.jpg\"\/><\/p>\n<p>\nO armaz\u00e9m localiza-se perto das pistas do aeroporto Humberto Delgado.<\/p>\n<p>&#13;<br \/>\n<b>O inc\u00eandio queimou paletes e viaturas, n\u00e3o havendo registo de feridos.<\/b>&#13;\n<\/p>\n<p>&#13;<br \/>\nA Pol\u00edcia Judici\u00e1ria esteve no local, para investigar causas deste fogo.<b><br \/>&#13;<br \/>\n<\/b>&#13;<\/p>\n","protected":false},"excerpt":{"rendered":"&#13; O inc\u00eandio industrial em Camarate, concelho de Loures, que come\u00e7ou ao in\u00edcio da noite deste domingo numa&hellip;\n","protected":false},"author":2,"featured_media":448339,"comment_status":"","ping_status":"","sticky":false,"template":"","format":"standard","meta":{"footnotes":"","_share_on_mastodon":"0"},"categories":[10],"tags":[27,28,57791,15,16,14,625,25,26,21,22,12,13,19,20,32,23,24,33,17,18,29,30,31],"class_list":["post-448338","post","type-post","status-publish","format-standard","has-post-thumbnail","category-portugal","tag-breaking-news","tag-breakingnews","tag-camarate","tag-featured-news","tag-featurednews","tag-headlines","tag-incendio","tag-latest-news","tag-latestnews","tag-main-news","tag-mainnews","tag-news","tag-noticias","tag-noticias-principais","tag-noticiasprincipais","tag-portugal","tag-principais-noticias","tag-principaisnoticias","tag-pt","tag-top-stories","tag-topstories","tag-ultimas","tag-ultimas-noticias","tag-ultimasnoticias"],"share_on_mastodon":{"url":"https:\/\/pubeurope.com\/@pt\/116911084284931717","error":""},"_links":{"self":[{"href":"https:\/\/www.europesays.com\/pt\/wp-json\/wp\/v2\/posts\/448338","targetHints":{"allow":["GET"]}}],"collection":[{"href":"https:\/\/www.europesays.com\/pt\/wp-json\/wp\/v2\/posts"}],"about":[{"href":"https:\/\/www.europesays.com\/pt\/wp-json\/wp\/v2\/types\/post"}],"author":[{"embeddable":true,"href":"https:\/\/www.europesays.com\/pt\/wp-json\/wp\/v2\/users\/2"}],"replies":[{"embeddable":true,"href":"https:\/\/www.europesays.com\/pt\/wp-json\/wp\/v2\/comments?post=448338"}],"version-history":[{"count":0,"href":"https:\/\/www.europesays.com\/pt\/wp-json\/wp\/v2\/posts\/448338\/revisions"}],"wp:featuredmedia":[{"embeddable":true,"href":"https:\/\/www.europesays.com\/pt\/wp-json\/wp\/v2\/media\/448339"}],"wp:attachment":[{"href":"https:\/\/www.europesays.com\/pt\/wp-json\/wp\/v2\/media?parent=448338"}],"wp:term":[{"taxonomy":"category","embeddable":true,"href":"https:\/\/www.europesays.com\/pt\/wp-json\/wp\/v2\/categories?post=448338"},{"taxonomy":"post_tag","embeddable":true,"href":"https:\/\/www.europesays.com\/pt\/wp-json\/wp\/v2\/tags?post=448338"}],"curies":[{"name":"wp","href":"https:\/\/api.w.org\/{rel}","templated":true}]}}