{"id":44881,"date":"2025-08-25T21:06:18","date_gmt":"2025-08-25T21:06:18","guid":{"rendered":"https:\/\/www.europesays.com\/pt\/44881\/"},"modified":"2025-08-25T21:06:18","modified_gmt":"2025-08-25T21:06:18","slug":"fatima-flagra-cesar-e-odete-juntos-e-se-desespera-ao-descobrir-romance-em-vale-tudo-desta-segunda-25","status":"publish","type":"post","link":"https:\/\/www.europesays.com\/pt\/44881\/","title":{"rendered":"F\u00e1tima flagra C\u00e9sar e Odete juntos e se desespera ao descobrir romance em \u2018Vale Tudo\u2019 desta segunda (25)"},"content":{"rendered":"<p id=\"paragrafo-7m5cs7ci7b\">\nA desconfian\u00e7a come\u00e7a quando Poliana (Matheus Nachtergaele) comenta sobre a aproxima\u00e7\u00e3o de C\u00e9sar e Odete. Curiosa e desconfiada, F\u00e1tima decide ir at\u00e9 o hotel e acaba flagrando os dois juntos. Incr\u00e9dula, ela se desespera ao ouvir C\u00e9sar afirmar que est\u00e1 feliz ao lado de Odete.&gt;\n<\/p>\n<p id=\"paragrafo-9f8s0px5tk\">\n\u201cVoc\u00ea est\u00e1 feliz com ela?\u201d, questiona F\u00e1tima, em choque, ao ver a cena. Sem se intimidar, C\u00e9sar responde que sim, refor\u00e7ando o envolvimento inesperado. Odete, por sua vez, deixa claro seus sentimentos: \u201cEu amo o C\u00e9sar\u201d, dispara, sem medo das consequ\u00eancias.&gt;\n<\/p>\n<p id=\"paragrafo-p359xuv3ov\">\nEnquanto isso, o cap\u00edtulo tamb\u00e9m traz outras reviravoltas. Raquel mostra disposi\u00e7\u00e3o em sua recupera\u00e7\u00e3o e recebe ajuda de Poliana, Gilda e Pascoal para vender sandu\u00edches na praia. J\u00e1 Leila tenta se desculpar com Cec\u00edlia e La\u00eds ap\u00f3s o vexame da festa organizada por Marco Aur\u00e9lio para Sarita.&gt;\n<\/p>\n<p id=\"paragrafo-dizhutahae\">\nHumilhada ao tentar chantagear Marco Aur\u00e9lio, Maria de F\u00e1tima ainda enfrenta mais um golpe: Odete n\u00e3o se intimida com suas amea\u00e7as. A situa\u00e7\u00e3o se complica de vez quando ela revela toda a verdade a Afonso, deixando-o em choque ao saber do romance entre C\u00e9sar e Odete.&gt;<\/p>\n","protected":false},"excerpt":{"rendered":"A desconfian\u00e7a come\u00e7a quando Poliana (Matheus Nachtergaele) comenta sobre a aproxima\u00e7\u00e3o de C\u00e9sar e Odete. Curiosa e desconfiada,&hellip;\n","protected":false},"author":2,"featured_media":44882,"comment_status":"","ping_status":"","sticky":false,"template":"","format":"standard","meta":{"footnotes":""},"categories":[142],"tags":[114,115,32,33,151],"class_list":{"0":"post-44881","1":"post","2":"type-post","3":"status-publish","4":"format-standard","5":"has-post-thumbnail","7":"category-tv","8":"tag-entertainment","9":"tag-entretenimento","10":"tag-portugal","11":"tag-pt","12":"tag-tv"},"share_on_mastodon":{"url":"","error":""},"_links":{"self":[{"href":"https:\/\/www.europesays.com\/pt\/wp-json\/wp\/v2\/posts\/44881","targetHints":{"allow":["GET"]}}],"collection":[{"href":"https:\/\/www.europesays.com\/pt\/wp-json\/wp\/v2\/posts"}],"about":[{"href":"https:\/\/www.europesays.com\/pt\/wp-json\/wp\/v2\/types\/post"}],"author":[{"embeddable":true,"href":"https:\/\/www.europesays.com\/pt\/wp-json\/wp\/v2\/users\/2"}],"replies":[{"embeddable":true,"href":"https:\/\/www.europesays.com\/pt\/wp-json\/wp\/v2\/comments?post=44881"}],"version-history":[{"count":0,"href":"https:\/\/www.europesays.com\/pt\/wp-json\/wp\/v2\/posts\/44881\/revisions"}],"wp:featuredmedia":[{"embeddable":true,"href":"https:\/\/www.europesays.com\/pt\/wp-json\/wp\/v2\/media\/44882"}],"wp:attachment":[{"href":"https:\/\/www.europesays.com\/pt\/wp-json\/wp\/v2\/media?parent=44881"}],"wp:term":[{"taxonomy":"category","embeddable":true,"href":"https:\/\/www.europesays.com\/pt\/wp-json\/wp\/v2\/categories?post=44881"},{"taxonomy":"post_tag","embeddable":true,"href":"https:\/\/www.europesays.com\/pt\/wp-json\/wp\/v2\/tags?post=44881"}],"curies":[{"name":"wp","href":"https:\/\/api.w.org\/{rel}","templated":true}]}}