{"id":448860,"date":"2026-07-13T16:07:29","date_gmt":"2026-07-13T16:07:29","guid":{"rendered":"https:\/\/www.europesays.com\/pt\/448860\/"},"modified":"2026-07-13T16:07:29","modified_gmt":"2026-07-13T16:07:29","slug":"relembre-classicos-do-rock-que-ganharam-versao-em-forro-e-hit","status":"publish","type":"post","link":"https:\/\/www.europesays.com\/pt\/448860\/","title":{"rendered":"Relembre cl\u00e1ssicos do rock que ganharam vers\u00e3o em forr\u00f3 &#8211; \u00c9 Hit"},"content":{"rendered":"<p>Neste dia 13 de julho, <strong>\u00e9 celebrado o Dia Mundial do Rock<\/strong>, g\u00eanero musical que n\u00e3o embala apenas os f\u00e3s das bandas e artistas ligados a ele.\u00a0<\/p>\n<p>Isso porque <strong>alguns dos maiores cl\u00e1ssicos de outro g\u00eanero vieram dos acordes e melodias de m\u00fasicas roqueiras<\/strong>: o forr\u00f3.<\/p>\n<p>Para celebrar a data, o Di\u00e1rio do Nordeste listou algumas m\u00fasicas de rock que viraram <strong>hits do g\u00eanero musical tipicamente nordestino<\/strong>. Confira!<\/p>\n<p>&#13;<br \/>\n\t\t\t&#13;<br \/>\n\t&#13;<br \/>\n\t\t&#13;<br \/>\n\t\t\t&#13;<br \/>\n\t\t\t\tVeja tamb\u00e9m&#13;<br \/>\n\t\t\t&#13;<br \/>\n\t\t&#13;<br \/>\n\t\t&#13;<\/p>\n<p>\t\t\t\t\t\t\t\t\t\t\t\t\t<a href=\"https:\/\/diariodonordeste.verdesmares.com.br\/entretenimento\/e-hit\/cantora-de-forro-dos-anos-1990-anuncia-despedida-dos-palcos-com-turne-1.3776371\" class=\"flex justify-start min-w-[96px] min-h-[72px] overflow-hidden rounded-sm transition-all delay-250 duration-1000 linear sm:max-w-[150px] max-w-[50px] aspect-[4\/3]\" rel=\"nofollow noopener\" target=\"_blank\">&#13;<br \/>\n\t\t\t\t\t\t\t\t<img decoding=\"async\" src=\"https:\/\/www.europesays.com\/pt\/wp-content\/uploads\/2026\/07\/Katia de Troia.webp\" alt=\"Imagem da not\u00edcia: Cantora de forr\u00f3 dos anos 1990 anuncia despedida dos palcos com turn\u00ea\" width=\"480\" height=\"360\" class=\"rounded-sm object-cover transition-all duration-1000 min-w-[96px] min-h-[72px] sm:max-w-[150px] max-w-[50px] aspect-[4\/3]\" loading=\"lazy\"\/>&#13;<br \/>\n\t\t\t\t\t\t\t<\/a><\/p>\n<p>\t\t\t\t\t&#13;<\/p>\n<p>\t\t\t\t\t\t\t\t\t\t\t\t\t<a href=\"https:\/\/diariodonordeste.verdesmares.com.br\/entretenimento\/e-hit\/solange-almeida-encontrou-bonnie-tyler-na-tv-e-cantou-hit-em-versao-de-forro-1.3776247\" class=\"flex justify-start min-w-[96px] min-h-[72px] overflow-hidden rounded-sm transition-all delay-250 duration-1000 linear sm:max-w-[150px] max-w-[50px] aspect-[4\/3]\" rel=\"nofollow noopener\" target=\"_blank\">&#13;<br \/>\n\t\t\t\t\t\t\t\t<img decoding=\"async\" src=\"https:\/\/www.europesays.com\/pt\/wp-content\/uploads\/2026\/07\/Solange Almeida e Bonnie.webp\" alt=\"Imagem da not\u00edcia: Solange Almeida encontrou Bonnie Tyler na TV e cantou hit em vers\u00e3o de forr\u00f3\" width=\"480\" height=\"360\" class=\"rounded-sm object-cover transition-all duration-1000 min-w-[96px] min-h-[72px] sm:max-w-[150px] max-w-[50px] aspect-[4\/3]\" loading=\"lazy\"\/>&#13;<br \/>\n\t\t\t\t\t\t\t<\/a><\/p>\n<p>\t\t\t\t\t&#13;<br \/>\n\t\t\t\t\t\t\t\t\t&#13;<br \/>\n\t&#13;\n<\/p>\n<p><strong>\u201cPaulinha\u201d &#8211; Calcinha Preta \/ \u201cWithout You\u201d &#8211; Badfinger<\/strong><\/p>\n<p>O grupo Calcinha Preta \u00e9 c\u00e9lebre por<strong> transpor diferentes cl\u00e1ssicos do rock para o forr\u00f3<\/strong>, transformando as vers\u00f5es em novos cl\u00e1ssicos. Um exemplo \u00e9 \u201cPaulinha\u201d, m\u00fasica dedicada \u00e0 <a href=\"https:\/\/diariodonordeste.verdesmares.com.br\/entretenimento\/e-hit\/morre-cantora-paulinha-abelha-vocalista-da-banda-calcinha-preta-1.3193939\" rel=\"nofollow noopener\" target=\"_blank\">vocalista Paulinha Abelha (1978-2022)<\/a>.<\/p>\n<p>Lan\u00e7ada em 2007, a can\u00e7\u00e3o tem como original a m\u00fasica \u201cWithout You\u201d, da banda brit\u00e2nica Badfinger, que <strong>j\u00e1 foi regravada tamb\u00e9m por nomes como Mariah Carey<\/strong>, em 1994.<\/p>\n<p>&#13;<br \/>\n        &#13;\n    <\/p>\n<p>&#13;<br \/>\n        &#13;\n    <\/p>\n<p><strong>\u201cO Navio e o Mar\u201d &#8211; Calcinha Preta \/ \u201cSend Me an Angel\u201d &#8211; Scorpions<\/strong><\/p>\n<p>Outro exemplo de vers\u00e3o de forr\u00f3 de um cl\u00e1ssico do rock lan\u00e7ado pela banda Calcinha Preta \u00e9 \u201cO Navio e o Mar\u201d, de 2005, que vem <strong>vem de \u201cSend Me An Angel\u201d<\/strong>, dos Scorpions, lan\u00e7ada originalmente em 1990.\u00a0<\/p>\n<p>Descrita como uma <strong>\u201cpower ballad\u201d (baladas lentas e com tom emocional)<\/strong>, a original aborda temas como gratid\u00e3o e bondade. J\u00e1 o cl\u00e1ssico do forr\u00f3 traz uma letra mais rom\u00e2ntica, t\u00edpica das can\u00e7\u00f5es do g\u00eanero na \u00e9poca.<\/p>\n<p>&#13;<br \/>\n        &#13;\n    <\/p>\n<p>&#13;<br \/>\n        &#13;\n    <\/p>\n<p><strong>\u201cMeu mundo sem voc\u00ea\u201d &#8211; Noda de Caju \/ \u201cMy Immortal\u201d &#8211; Evanescence<\/strong><\/p>\n<p>Em 2008, no \u00e1lbum \u201cNossa Hist\u00f3ria de Amor\u201d, o grupo Noda de Caju lan\u00e7ou a m\u00fasica \u201cMeu mundo sem voc\u00ea\u201d, <strong>vers\u00e3o de \u201cMy Immortal\u201d<\/strong>, can\u00e7\u00e3o de 2003 da banda Evanescence.<\/p>\n<p>A letra original, com <strong>elementos g\u00f3ticos<\/strong> (\u201cEssas feridas parecem n\u00e3o cicatrizar \/ Essa dor \u00e9 muito real\u201d, em tradu\u00e7\u00e3o) <strong>d\u00e3o lugar a uma letra tamb\u00e9m sofrida, mas rom\u00e2ntica<\/strong>: \u201cHoje meu mundo n\u00e3o \u00e9 feliz \/ Sem ter voc\u00ea junto a mim\u201d.<\/p>\n<p>&#13;<br \/>\n        &#13;\n    <\/p>\n<p>&#13;<br \/>\n        &#13;\n    <\/p>\n<p><strong>\u201cDif\u00edcil Te Amar\u201d &#8211; Painel De Controle \/ \u201cYesterday\u201d &#8211; Beatles<\/strong><\/p>\n<p><strong>Um dos maiores cl\u00e1ssicos da banda brit\u00e2nica Beatles<\/strong>, \u201cYesterday\u201d inspira \u201cDif\u00edcil Te Amar\u201d, do grupo Painel de Controle, que faz parte do disco \u201cPainel de Controle, Vol. II\u201d, de 2002.<\/p>\n<p>A can\u00e7\u00e3o de 1965, <strong>marcada por guitarra e um quarteto de cordas<\/strong>, se transforma em um forr\u00f3 com sanfona, saxofone e bateria.<\/p>\n<p>&#13;<br \/>\n        &#13;\n    <\/p>\n<p>&#13;<br \/>\n        &#13;\n    <\/p>\n<p><strong>\u201cNunca Mais\u201d &#8211; Nattan e Xand Avi\u00e3o \/ \u201cI Don&#8217;t Want to Talk About It\u201d &#8211; Rod Stewart<\/strong><\/p>\n<p>Parceria recente entre Nattan e Xand Avi\u00e3o, \u201cNunca Mais\u201d <strong>toma emprestada a melodia do cl\u00e1ssico \u201cI Don&#8217;t Want to Talk About It\u201d<\/strong>, de Rod Stewart.<\/p>\n<p>A m\u00fasica, lan\u00e7ada em 1975, \u00e9 ela mesma uma <strong>vers\u00e3o da faixa hom\u00f4nima de 1971 <\/strong>da banda de rock Crazy Horse.<\/p>\n<p>&#13;<br \/>\n        &#13;\n    <\/p>\n<p>&#13;<br \/>\n        &#13;\n    <\/p>\n<p><strong>\u201cLiga o Som\u201d &#8211; Romim Mahta e Forr\u00f3 Estourado \/ \u201cCome As You Are\u201d &#8211; Nirvana<\/strong><\/p>\n<p>O cantor e compositor Romim Mahta escreveu a letra de \u201cLiga o Som\u201d em 2011, <strong>inspirado pelos acordes de guitarra de \u201cCome As You Are\u201d <\/strong>que o baixista tocou em meio a uma passagem de som do Forr\u00f3 Estourado.<\/p>\n<p>O cl\u00e1ssico do grunge, escrito e cantado por Kurt Cobain, ganha outra roupagem com letra mais animada: <strong>\u201cEu vou ligar meu pared\u00e3o \/ Que \u00e9 pra galera curtir\u201d<\/strong>.<\/p>\n<p>&#13;<br \/>\n        &#13;\n    <\/p>\n<p>&#13;<br \/>\n        &#13;\n    <\/p>\n<p><strong>Outras vers\u00f5es<\/strong><\/p>\n<p>&#13;<br \/>\n<strong>&#8220;Caranguejo&#8221; &#8211; Toca do Vale \/ &#8220;(I Just) Died in Your Arms&#8221; &#8211;\u00a0Cutting Crew<\/strong><\/p>\n<p>&#13;<br \/>\n        &#13;\n    <\/p>\n<p>&#13;<br \/>\n        &#13;\n    <\/p>\n<p>&#13;<br \/>\n<strong>&#8220;Agora estou sofrendo &#8211; Calcinha Preta \/ &#8220;Bleeding Heart&#8221; &#8211; Angra<\/strong><\/p>\n<p>&#13;<br \/>\n        &#13;\n    <\/p>\n<p>&#13;<br \/>\n        &#13;\n    <\/p>\n<p>\u00a0<\/p>\n<p><strong>&#8220;Minha alma g\u00eamea \u00e9 voc\u00ea&#8221; &#8211; Desejo de Menina \/ &#8220;Angels&#8221; &#8211; Robie Willians<\/strong><\/p>\n<p>&#13;<br \/>\n        &#13;\n    <\/p>\n<p>&#13;<br \/>\n        &#13;\n    <\/p>\n<p>\u00a0<\/p>\n<p><strong>&#8220;Te quero mais&#8221; &#8211; Forr\u00f3 da Brucelose \/ &#8220;Sweet child o&#8217;mine&#8221; &#8211; Guns &#8216;n Roses<\/strong><\/p>\n<p>&#13;<br \/>\n        &#13;\n    <\/p>\n<p>&#13;<br \/>\n        &#13;\n    <\/p>\n<p>&#13;<br \/>\n<strong>&#8220;Salve o nosso amor&#8221; &#8211; Mulheres Perdidas \/ &#8220;I remember you&#8221; &#8211; Skid Row<\/strong><\/p>\n<p>&#13;<br \/>\n        &#13;\n    <\/p>\n<p>&#13;<br \/>\n        &#13;\n    <\/p>\n<p><strong>&#8220;Nosso amor \u00e9 maior&#8221; &#8211; Moleca 100 Vergonha \/ &#8220;Beatiful&#8221; &#8211; Marillion<\/strong><\/p>\n<p>&#13;<br \/>\n        &#13;\n    <\/p>\n<p>&#13;<br \/>\n        &#13;\n    <\/p>\n<p>\u00a0<\/p>\n","protected":false},"excerpt":{"rendered":"Neste dia 13 de julho, \u00e9 celebrado o Dia Mundial do Rock, g\u00eanero musical que n\u00e3o embala apenas&hellip;\n","protected":false},"author":2,"featured_media":448861,"comment_status":"","ping_status":"","sticky":false,"template":"","format":"standard","meta":{"footnotes":"","_share_on_mastodon":"0"},"categories":[141],"tags":[2397,114,115,149,150,712,32,9883,33],"class_list":["post-448860","post","type-post","status-publish","format-standard","has-post-thumbnail","category-musica","tag-artes-cultura-e-entretenimento","tag-entertainment","tag-entretenimento","tag-music","tag-musica","tag-pessoas","tag-portugal","tag-produtos","tag-pt"],"share_on_mastodon":{"url":"https:\/\/pubeurope.com\/@pt\/116913533901183795","error":""},"_links":{"self":[{"href":"https:\/\/www.europesays.com\/pt\/wp-json\/wp\/v2\/posts\/448860","targetHints":{"allow":["GET"]}}],"collection":[{"href":"https:\/\/www.europesays.com\/pt\/wp-json\/wp\/v2\/posts"}],"about":[{"href":"https:\/\/www.europesays.com\/pt\/wp-json\/wp\/v2\/types\/post"}],"author":[{"embeddable":true,"href":"https:\/\/www.europesays.com\/pt\/wp-json\/wp\/v2\/users\/2"}],"replies":[{"embeddable":true,"href":"https:\/\/www.europesays.com\/pt\/wp-json\/wp\/v2\/comments?post=448860"}],"version-history":[{"count":0,"href":"https:\/\/www.europesays.com\/pt\/wp-json\/wp\/v2\/posts\/448860\/revisions"}],"wp:featuredmedia":[{"embeddable":true,"href":"https:\/\/www.europesays.com\/pt\/wp-json\/wp\/v2\/media\/448861"}],"wp:attachment":[{"href":"https:\/\/www.europesays.com\/pt\/wp-json\/wp\/v2\/media?parent=448860"}],"wp:term":[{"taxonomy":"category","embeddable":true,"href":"https:\/\/www.europesays.com\/pt\/wp-json\/wp\/v2\/categories?post=448860"},{"taxonomy":"post_tag","embeddable":true,"href":"https:\/\/www.europesays.com\/pt\/wp-json\/wp\/v2\/tags?post=448860"}],"curies":[{"name":"wp","href":"https:\/\/api.w.org\/{rel}","templated":true}]}}