{"id":449056,"date":"2026-07-13T19:02:24","date_gmt":"2026-07-13T19:02:24","guid":{"rendered":"https:\/\/www.europesays.com\/pt\/449056\/"},"modified":"2026-07-13T19:02:24","modified_gmt":"2026-07-13T19:02:24","slug":"a-diva-mais-linda-maria-botelho-moniz-conquista-coracoes-de-amarelo-big-brother-verao-2026-ultimas-noticias-videos-e-diretos","status":"publish","type":"post","link":"https:\/\/www.europesays.com\/pt\/449056\/","title":{"rendered":"A \u00abdiva mais linda\u00bb: Maria Botelho Moniz conquista cora\u00e7\u00f5es de amarelo &#8211; Big Brother Ver\u00e3o 2026: \u00daltimas Not\u00edcias, V\u00eddeos e Diretos"},"content":{"rendered":"<p>\n                        Veja o look deslumbrante.\n                    <\/p>\n<p data-end=\"270\" data-start=\"74\">Maria Botelho Moniz voltou a dar que falar na mais recente gala do <strong data-end=\"162\" data-start=\"141\">Big Brother Ver\u00e3o<\/strong>, desta vez gra\u00e7as \u00e0 escolha de um elegante vestido amarelo que n\u00e3o passou despercebido aos telespectadores.<\/p>\n<p data-end=\"520\" data-start=\"272\">Embora nas fotografias o tom surja mais suave, quase pastel, em televis\u00e3o o vestido revelou-se um amarelo intenso e vibrante, uma op\u00e7\u00e3o que destacou ainda mais a apresentadora em direto e rapidamente conquistou os elogios dos f\u00e3s nas redes sociais.<\/p>\n<p data-end=\"782\" data-start=\"522\">Com um corte comprido e uma silhueta minimalista, o modelo de decote ombro a ombro evidenciou a eleg\u00e2ncia de Maria Botelho Moniz, que apostou ainda num penteado liso e numa maquilhagem discreta, deixando que a cor do vestido assumisse o protagonismo do visual.<\/p>\n<p data-end=\"782\" data-start=\"522\">Nas plataformas digitais, n\u00e3o faltaram coment\u00e1rios de admira\u00e7\u00e3o. Entre os elogios, multiplicaram-se as rea\u00e7\u00f5es de quem considerou esta uma das melhores escolhas de guarda-roupa da apresentadora nesta edi\u00e7\u00e3o do reality show. &#8220;Diva&#8221; e &#8220;a mais linda&#8221; foram apenas algumas das mensagens deixadas pelos seguidores.<\/p>\n<p data-end=\"1416\" data-start=\"1133\">Ao longo das galas do <strong data-end=\"1176\" data-start=\"1155\">Big Brother Ver\u00e3o<\/strong>, Maria Botelho Moniz tem sido elogiada pela consist\u00eancia dos seus visuais, combinando sofistica\u00e7\u00e3o com tend\u00eancias atuais. Desta vez, a aposta num amarelo vivo revelou-se um verdadeiro sucesso, conferindo-lhe ainda mais presen\u00e7a em est\u00fadio.<\/p>\n<p data-end=\"1617\" data-start=\"1418\">Percorra a galeria de fotografias que prepar\u00e1mos para si e veja o look deslumbrante da apresentadora.\u00a0<\/p>\n","protected":false},"excerpt":{"rendered":"Veja o look deslumbrante. Maria Botelho Moniz voltou a dar que falar na mais recente gala do Big&hellip;\n","protected":false},"author":2,"featured_media":449057,"comment_status":"","ping_status":"","sticky":false,"template":"","format":"standard","meta":{"footnotes":"","_share_on_mastodon":"0"},"categories":[142],"tags":[331,48,333,328,335,336,114,115,334,332,330,4319,338,13,32,33,151,162,227],"class_list":["post-449056","post","type-post","status-publish","format-standard","has-post-thumbnail","category-tv","tag-big","tag-big-brother","tag-comentadores","tag-concorrentes","tag-confrontos","tag-discussoes","tag-entertainment","tag-entretenimento","tag-exclusivos","tag-expulso","tag-gala","tag-look","tag-maria-botelho-moniz","tag-noticias","tag-portugal","tag-pt","tag-tv","tag-tvi","tag-videos"],"share_on_mastodon":{"url":"https:\/\/pubeurope.com\/@pt\/116914221806427955","error":""},"_links":{"self":[{"href":"https:\/\/www.europesays.com\/pt\/wp-json\/wp\/v2\/posts\/449056","targetHints":{"allow":["GET"]}}],"collection":[{"href":"https:\/\/www.europesays.com\/pt\/wp-json\/wp\/v2\/posts"}],"about":[{"href":"https:\/\/www.europesays.com\/pt\/wp-json\/wp\/v2\/types\/post"}],"author":[{"embeddable":true,"href":"https:\/\/www.europesays.com\/pt\/wp-json\/wp\/v2\/users\/2"}],"replies":[{"embeddable":true,"href":"https:\/\/www.europesays.com\/pt\/wp-json\/wp\/v2\/comments?post=449056"}],"version-history":[{"count":0,"href":"https:\/\/www.europesays.com\/pt\/wp-json\/wp\/v2\/posts\/449056\/revisions"}],"wp:featuredmedia":[{"embeddable":true,"href":"https:\/\/www.europesays.com\/pt\/wp-json\/wp\/v2\/media\/449057"}],"wp:attachment":[{"href":"https:\/\/www.europesays.com\/pt\/wp-json\/wp\/v2\/media?parent=449056"}],"wp:term":[{"taxonomy":"category","embeddable":true,"href":"https:\/\/www.europesays.com\/pt\/wp-json\/wp\/v2\/categories?post=449056"},{"taxonomy":"post_tag","embeddable":true,"href":"https:\/\/www.europesays.com\/pt\/wp-json\/wp\/v2\/tags?post=449056"}],"curies":[{"name":"wp","href":"https:\/\/api.w.org\/{rel}","templated":true}]}}