{"id":449074,"date":"2026-07-13T19:13:28","date_gmt":"2026-07-13T19:13:28","guid":{"rendered":"https:\/\/www.europesays.com\/pt\/449074\/"},"modified":"2026-07-13T19:13:28","modified_gmt":"2026-07-13T19:13:28","slug":"gianluca-prestianni-nao-responder-a-uma-provocacao-tambem-pode-ser-uma-questao-de-carater","status":"publish","type":"post","link":"https:\/\/www.europesays.com\/pt\/449074\/","title":{"rendered":"Gianluca Prestianni: \u00abN\u00e3o responder a uma provoca\u00e7\u00e3o tamb\u00e9m pode ser uma quest\u00e3o de car\u00e1ter\u00bb"},"content":{"rendered":"<p>&#8211; Advertisement &#8211;<\/p>\n<p><strong>No dia seguinte \u00e0 derrota no Algarve frente ao Flamengo, Gianluca Prestianni deixou uma mensagem nas redes sociais.<\/strong><\/p>\n<p class=\"wp-block-paragraph\">Gianluca Prestianni foi alvo de v\u00e1rias entradas duras dos jogadores do Flamengo, durante a <a href=\"https:\/\/bolanarede.pt\/especial-bola-na-rede\/atualidade\/benfica-tropeca-em-particular-contra-o-flamengo\/\" target=\"_blank\" rel=\"noreferrer noopener nofollow\">derrota do Benfica por 2-1 no Trof\u00e9u do Algarve<\/a>. Atrav\u00e9s de uma hist\u00f3ria no perfil de Instagram, o internacional argentino abordou o assunto:<\/p>\n<p class=\"wp-block-paragraph\">\u00abN\u00e3o responder a uma provoca\u00e7\u00e3o tamb\u00e9m pode ser uma quest\u00e3o de car\u00e1ter. N\u00e3o por falta de for\u00e7a, mas porque aprendemos que algumas discuss\u00f5es s\u00f3 pretendem fazer-nos perder a calma, a dignidade e o respeito por n\u00f3s pr\u00f3prios. A eleg\u00e2ncia consiste tamb\u00e9m em n\u00e3o descer ao n\u00edvel de qualquer pessoa\u00bb.<\/p>\n<p class=\"wp-block-paragraph\">Nas entrevistas r\u00e1pidas ap\u00f3s o encontro, <a href=\"https:\/\/bolanarede.pt\/especial-bola-na-rede\/atualidade\/samuel-lino-e-a-dureza-das-entradas-sobre-gianluca-prestianni-entramos-desde-inicio-com-um-jogo-duro-e-o-flamengo-e-assim\/\" target=\"_blank\" rel=\"noreferrer noopener nofollow\">Samuel Lino<\/a> e <a href=\"https:\/\/bolanarede.pt\/especial-bola-na-rede\/atualidade\/emerson-royal-sobre-gianluca-prestianni-para-o-azar-dele-caiu-ali-na-hora-errada\/\" target=\"_blank\" rel=\"noreferrer noopener nofollow\">Emerson Royal<\/a> comentaram a intensidade dos duelos com Gianluca Prestianni, relembrando o caso do jovem de 20 anos com Vin\u00edcius J\u00fanior na Champions League. <\/p>\n<p><img fetchpriority=\"high\" decoding=\"async\" width=\"578\" height=\"1024\" src=\"data:image\/svg+xml,%3Csvg%20xmlns=\" http:=\"\" alt=\"Gianluca Prestianni Instagram\" class=\"wp-image-544111 ewww_webp_lazy_load\" data-lazy- data-lazy- data-lazy-src=\"https:\/\/www.europesays.com\/pt\/wp-content\/uploads\/2026\/07\/Gianluca-Prestianni-Instagram-578x1024.jpg\" data-lazy-src-webp=\"https:\/\/www.europesays.com\/pt\/wp-content\/uploads\/2026\/07\/Gianluca-Prestianni-Instagram-578x1024.jpg.webp\" data-lazy-srcset-webp=\"https:\/\/www.europesays.com\/pt\/wp-content\/uploads\/2026\/07\/Gianluca-Prestianni-Instagram-578x1024.jpg.webp 578w, https:\/\/binny-bolanarede.b-cdn.net\/wp-content\/uploads\/2026\/07\/Gianluca-Prestianni-Instagram-169x300.jpg.webp 169w, https:\/\/binny-bolanarede.b-cdn.net\/wp-content\/uploads\/2026\/07\/Gianluca-Prestianni-Instagram-768x1360.jpg.webp 768w, https:\/\/binny-bolanarede.b-cdn.net\/wp-content\/uploads\/2026\/07\/Gianluca-Prestianni-Instagram-867x1536.jpg.webp 867w, https:\/\/binny-bolanarede.b-cdn.net\/wp-content\/uploads\/2026\/07\/Gianluca-Prestianni-Instagram-150x266.jpg.webp 150w, https:\/\/binny-bolanarede.b-cdn.net\/wp-content\/uploads\/2026\/07\/Gianluca-Prestianni-Instagram-300x531.jpg.webp 300w, https:\/\/binny-bolanarede.b-cdn.net\/wp-content\/uploads\/2026\/07\/Gianluca-Prestianni-Instagram-696x1233.jpg.webp 696w, https:\/\/binny-bolanarede.b-cdn.net\/wp-content\/uploads\/2026\/07\/Gianluca-Prestianni-Instagram-1068x1892.jpg.webp 1068w, https:\/\/binny-bolanarede.b-cdn.net\/wp-content\/uploads\/2026\/07\/Gianluca-Prestianni-Instagram.jpg.webp 1084w\"\/>Fonte: Instagram de Gianluca Prestianni (@gianlucaa_11)<\/p>\n","protected":false},"excerpt":{"rendered":"&#8211; Advertisement &#8211; No dia seguinte \u00e0 derrota no Algarve frente ao Flamengo, Gianluca Prestianni deixou uma mensagem&hellip;\n","protected":false},"author":2,"featured_media":444303,"comment_status":"","ping_status":"","sticky":false,"template":"","format":"standard","meta":{"footnotes":"","_share_on_mastodon":"0"},"categories":[8],"tags":[260,51,27,28,478,15,16,2460,25256,14,25,26,21,22,12,13,19,20,32,479,23,24,33,17,18,29,30,31],"class_list":["post-449074","post","type-post","status-publish","format-standard","has-post-thumbnail","category-principais-noticias","tag-atualidade","tag-benfica","tag-breaking-news","tag-breakingnews","tag-destaques-bnr","tag-featured-news","tag-featurednews","tag-flamengo","tag-gianluca-prestianni","tag-headlines","tag-latest-news","tag-latestnews","tag-main-news","tag-mainnews","tag-news","tag-noticias","tag-noticias-principais","tag-noticiasprincipais","tag-portugal","tag-primeira-liga","tag-principais-noticias","tag-principaisnoticias","tag-pt","tag-top-stories","tag-topstories","tag-ultimas","tag-ultimas-noticias","tag-ultimasnoticias"],"share_on_mastodon":{"url":"https:\/\/pubeurope.com\/@pt\/116914264932400351","error":""},"_links":{"self":[{"href":"https:\/\/www.europesays.com\/pt\/wp-json\/wp\/v2\/posts\/449074","targetHints":{"allow":["GET"]}}],"collection":[{"href":"https:\/\/www.europesays.com\/pt\/wp-json\/wp\/v2\/posts"}],"about":[{"href":"https:\/\/www.europesays.com\/pt\/wp-json\/wp\/v2\/types\/post"}],"author":[{"embeddable":true,"href":"https:\/\/www.europesays.com\/pt\/wp-json\/wp\/v2\/users\/2"}],"replies":[{"embeddable":true,"href":"https:\/\/www.europesays.com\/pt\/wp-json\/wp\/v2\/comments?post=449074"}],"version-history":[{"count":0,"href":"https:\/\/www.europesays.com\/pt\/wp-json\/wp\/v2\/posts\/449074\/revisions"}],"wp:featuredmedia":[{"embeddable":true,"href":"https:\/\/www.europesays.com\/pt\/wp-json\/wp\/v2\/media\/444303"}],"wp:attachment":[{"href":"https:\/\/www.europesays.com\/pt\/wp-json\/wp\/v2\/media?parent=449074"}],"wp:term":[{"taxonomy":"category","embeddable":true,"href":"https:\/\/www.europesays.com\/pt\/wp-json\/wp\/v2\/categories?post=449074"},{"taxonomy":"post_tag","embeddable":true,"href":"https:\/\/www.europesays.com\/pt\/wp-json\/wp\/v2\/tags?post=449074"}],"curies":[{"name":"wp","href":"https:\/\/api.w.org\/{rel}","templated":true}]}}