{"id":449908,"date":"2026-07-14T12:00:08","date_gmt":"2026-07-14T12:00:08","guid":{"rendered":"https:\/\/www.europesays.com\/pt\/449908\/"},"modified":"2026-07-14T12:00:08","modified_gmt":"2026-07-14T12:00:08","slug":"lula-da-silva-so-voltou-um-jogador-no-aviao-que-vergonha","status":"publish","type":"post","link":"https:\/\/www.europesays.com\/pt\/449908\/","title":{"rendered":"Lula da Silva: \u00abS\u00f3 voltou um jogador no avi\u00e3o, que vergonha!\u00bb"},"content":{"rendered":"<p>O Brasil continua a digerir a elimina\u00e7\u00e3o precoce no Mundial 2026, com uma derrota diante da Noruega (1-2), nos oitavos de final, e o presidente do pa\u00eds, Lula da Silva, classificou como uma \u00abvergonha\u00bb o facto de <a href=\"https:\/\/maisfutebol.iol.pt\/mundial2026\/brasil\/video-selecao-brasileira-regressa-a-casa-com-apenas-um-jogador\" rel=\"nofollow noopener\" target=\"_blank\">apenas um jogador ter regressado do Brasil, neste caso, Danilo Silva<\/a>.<\/p>\n<p>\u00abMandei um recado para o Ancelotti. Lembram-se quem \u00e9 o Ancelotti? \u00c9 o t\u00e9cnico da sele\u00e7\u00e3o brasileira, aquela que foi para l\u00e1 [Estados Unidos] com um monte de gente, mas s\u00f3 voltou um sozinho. Quase que n\u00e3o havia ningu\u00e9m no avi\u00e3o da sele\u00e7\u00e3o. Que vergonha. S\u00f3 voltou um jogador no avi\u00e3o. O resto ficou tudo por l\u00e1. Se tiv\u00e9ssemos ganho, estavam todos aqui a dan\u00e7ar\u00bb, atirou o presidente \u00e0 margem de um evento em S\u00e3o Paulo.<\/p>\n<p>O presidente do Brasil foi mais longe e, em tom de brincadeira, deixou uma sugest\u00e3o a Carlo Ancelotti. \u00abHouve um menino que fez um rob\u00f4 agressivo, parecia o Mbapp\u00e9, parecia o Haaland. Um rob\u00f4 que manda a bola l\u00e1 para cima e ent\u00e3o mandei um recado para o Ancelotti. Deve contratar esse rob\u00f4, ele vai fazer o Brasil ganhar o Campeonato do Mundo\u00bb, acrescentou.<\/p>\n","protected":false},"excerpt":{"rendered":"O Brasil continua a digerir a elimina\u00e7\u00e3o precoce no Mundial 2026, com uma derrota diante da Noruega (1-2),&hellip;\n","protected":false},"author":2,"featured_media":449909,"comment_status":"","ping_status":"","sticky":false,"template":"","format":"standard","meta":{"footnotes":"","_share_on_mastodon":"0"},"categories":[87],"tags":[726,25440,72161,135,82,6662,46,12632,16845,32,33,47,2914,134],"class_list":["post-449908","post","type-post","status-publish","format-standard","has-post-thumbnail","category-desporto","tag-brasil","tag-carlo-ancelotti","tag-danilo-silva","tag-desporto","tag-internacional","tag-lula-da-silva","tag-maisfutebol","tag-mundial-2026","tag-mundial2026","tag-portugal","tag-pt","tag-pura-paixao","tag-robo","tag-sports"],"share_on_mastodon":{"url":"https:\/\/pubeurope.com\/@pt\/116918224707624516","error":""},"_links":{"self":[{"href":"https:\/\/www.europesays.com\/pt\/wp-json\/wp\/v2\/posts\/449908","targetHints":{"allow":["GET"]}}],"collection":[{"href":"https:\/\/www.europesays.com\/pt\/wp-json\/wp\/v2\/posts"}],"about":[{"href":"https:\/\/www.europesays.com\/pt\/wp-json\/wp\/v2\/types\/post"}],"author":[{"embeddable":true,"href":"https:\/\/www.europesays.com\/pt\/wp-json\/wp\/v2\/users\/2"}],"replies":[{"embeddable":true,"href":"https:\/\/www.europesays.com\/pt\/wp-json\/wp\/v2\/comments?post=449908"}],"version-history":[{"count":0,"href":"https:\/\/www.europesays.com\/pt\/wp-json\/wp\/v2\/posts\/449908\/revisions"}],"wp:featuredmedia":[{"embeddable":true,"href":"https:\/\/www.europesays.com\/pt\/wp-json\/wp\/v2\/media\/449909"}],"wp:attachment":[{"href":"https:\/\/www.europesays.com\/pt\/wp-json\/wp\/v2\/media?parent=449908"}],"wp:term":[{"taxonomy":"category","embeddable":true,"href":"https:\/\/www.europesays.com\/pt\/wp-json\/wp\/v2\/categories?post=449908"},{"taxonomy":"post_tag","embeddable":true,"href":"https:\/\/www.europesays.com\/pt\/wp-json\/wp\/v2\/tags?post=449908"}],"curies":[{"name":"wp","href":"https:\/\/api.w.org\/{rel}","templated":true}]}}