{"id":450027,"date":"2026-07-14T13:42:18","date_gmt":"2026-07-14T13:42:18","guid":{"rendered":"https:\/\/www.europesays.com\/pt\/450027\/"},"modified":"2026-07-14T13:42:18","modified_gmt":"2026-07-14T13:42:18","slug":"filhos-de-brad-pitt-pedem-retirada-do-sobrenome-do-pai-brasil-247","status":"publish","type":"post","link":"https:\/\/www.europesays.com\/pt\/450027\/","title":{"rendered":"Filhos de Brad Pitt pedem retirada do sobrenome do pai \u2013 Brasil 247"},"content":{"rendered":"<p class=\"wp-block-paragraph\"><strong>247 \u2013 <\/strong>Os filhos de Brad Pitt pediram a retirada do sobrenome do pai em processos publicados na Calif\u00f3rnia. Zahara, de 21 anos, e Maddox, de 24, pretendem abandonar oficialmente o nome Pitt e passar a utilizar apenas Jolie, em um novo cap\u00edtulo do afastamento familiar envolvendo o ator.<\/p>\n<p class=\"wp-block-paragraph\">As informa\u00e7\u00f5es foram obtidas pelo site norte-americano Page Six. Os pedidos de altera\u00e7\u00e3o de nome foram divulgados no Los Angeles Daily Journal uma vez por semana entre junho e julho, conforme o procedimento previsto para esse tipo de processo no estado norte-americano.<\/p>\n<p class=\"wp-block-paragraph\">Os an\u00fancios tornam p\u00fablicas as solicita\u00e7\u00f5es e permitem que eventuais interessados apresentem obje\u00e7\u00f5es \u00e0 Justi\u00e7a. A publica\u00e7\u00e3o em jornal \u00e9 uma das etapas necess\u00e1rias antes que a mudan\u00e7a seja analisada e autorizada por um juiz.<\/p>\n<p class=\"wp-block-paragraph\">Zahara Marley Jolie-Pitt solicitou a retirada de Pitt para passar a se chamar legalmente Zahara Marley Jolie. Uma audi\u00eancia sobre o pedido est\u00e1 marcada para 28 de setembro.<\/p>\n<p class=\"wp-block-paragraph\">Caso n\u00e3o haja contesta\u00e7\u00e3o e a Justi\u00e7a considere atendidas as exig\u00eancias legais, o magistrado poder\u00e1 autorizar a mudan\u00e7a. A decis\u00e3o formalizaria uma escolha que a jovem j\u00e1 vinha demonstrando publicamente em eventos recentes.<\/p>\n<p class=\"wp-block-paragraph\">Em maio, durante sua formatura no Spelman College, Zahara foi anunciada como Zahara Marley Jolie, sem a utiliza\u00e7\u00e3o do sobrenome do ator. O epis\u00f3dio indicou que ela j\u00e1 havia deixado de usar Pitt socialmente, embora a altera\u00e7\u00e3o legal ainda dependesse do processo judicial.<\/p>\n<p class=\"wp-block-paragraph\">Maddox tamb\u00e9m pede mudan\u00e7a oficial<\/p>\n<p class=\"wp-block-paragraph\">Maddox Chivan Jolie-Pitt apresentou \u00e0 Justi\u00e7a um pedido semelhante ao da irm\u00e3. Ele pretende oficializar o nome Maddox Chivan Jolie e alegou \u201cmotivos pessoais\u201d para justificar a altera\u00e7\u00e3o.<\/p>\n<p class=\"wp-block-paragraph\">O jovem tamb\u00e9m j\u00e1 vinha deixando o sobrenome do pai de fora de seus trabalhos profissionais. Em \u201cVidas Entrela\u00e7adas\u201d, filme mais recente de Angelina Jolie citado pela publica\u00e7\u00e3o, Maddox apareceu nos cr\u00e9ditos apenas com o sobrenome da m\u00e3e.<\/p>\n<p class=\"wp-block-paragraph\">A apresenta\u00e7\u00e3o dos pedidos n\u00e3o significa que as mudan\u00e7as j\u00e1 tenham sido aprovadas. Os processos ainda precisam cumprir os tr\u00e2mites judiciais, incluindo a divulga\u00e7\u00e3o p\u00fablica das solicita\u00e7\u00f5es e a an\u00e1lise de eventuais contesta\u00e7\u00f5es.<\/p>\n<p class=\"wp-block-paragraph\">Com as iniciativas, Zahara e Maddox d\u00e3o car\u00e1ter oficial a uma decis\u00e3o que antes aparecia principalmente em cerim\u00f4nias, trabalhos e apresenta\u00e7\u00f5es p\u00fablicas. Os dois buscam retirar dos documentos o nome associado a Brad Pitt e manter apenas o sobrenome de Angelina Jolie.<\/p>\n<p class=\"wp-block-paragraph\">Fam\u00edlia tem seis filhos<\/p>\n<p class=\"wp-block-paragraph\">Brad Pitt e Angelina Jolie s\u00e3o pais de seis filhos: Maddox, Pax, Zahara, Shiloh, Knox e Vivienne. A fam\u00edlia foi formada durante o relacionamento dos dois atores, encerrado ap\u00f3s a separa\u00e7\u00e3o anunciada em 2016.<\/p>\n<p class=\"wp-block-paragraph\">Segundo a reportagem do UOL, a rela\u00e7\u00e3o de Brad Pitt com os filhos \u00e9 marcada por conflitos e pouco contato. Os pedidos apresentados por Zahara e Maddox refor\u00e7am publicamente esse distanciamento, embora nenhum dos dois tenha detalhado nos processos os acontecimentos familiares que motivaram a decis\u00e3o.<\/p>\n<p class=\"wp-block-paragraph\">No caso de Maddox, a justificativa registrada se limita a \u201cmotivos pessoais\u201d. Zahara tamb\u00e9m n\u00e3o divulgou uma declara\u00e7\u00e3o p\u00fablica explicando as raz\u00f5es espec\u00edficas para a retirada do sobrenome.<\/p>\n<p class=\"wp-block-paragraph\">A aus\u00eancia de uma manifesta\u00e7\u00e3o mais detalhada impede que sejam atribu\u00eddas aos jovens motiva\u00e7\u00f5es diferentes daquelas registradas nos documentos. At\u00e9 o momento, os pedidos representam uma decis\u00e3o pessoal sobre a forma como desejam ser identificados legal e profissionalmente.<\/p>\n<p class=\"wp-block-paragraph\">Mudan\u00e7a depende de decis\u00e3o judicial<\/p>\n<p class=\"wp-block-paragraph\">A divulga\u00e7\u00e3o das peti\u00e7\u00f5es em um jornal jur\u00eddico permite que terceiros tomem conhecimento dos processos. Caso exista alguma oposi\u00e7\u00e3o, ela poder\u00e1 ser apresentada antes da decis\u00e3o final.<\/p>\n<p class=\"wp-block-paragraph\">Zahara dever\u00e1 aguardar a audi\u00eancia prevista para setembro. A reportagem n\u00e3o informou uma data para a an\u00e1lise definitiva do pedido apresentado por Maddox.<\/p>\n<p class=\"wp-block-paragraph\">Tamb\u00e9m n\u00e3o foi divulgada uma manifesta\u00e7\u00e3o de Brad Pitt sobre os processos iniciados pelos filhos. Angelina Jolie igualmente n\u00e3o comentou publicamente, nas informa\u00e7\u00f5es apresentadas pela reportagem, as solicita\u00e7\u00f5es de retirada do sobrenome.<\/p>\n<p class=\"wp-block-paragraph\">Enquanto os processos seguem em tramita\u00e7\u00e3o, os dois jovens continuam utilizando apenas Jolie em determinadas atividades p\u00fablicas. Uma eventual aprova\u00e7\u00e3o judicial permitir\u00e1 que essa forma de identifica\u00e7\u00e3o passe a constar oficialmente em seus documentos.<\/p>\n<p class=\"b247-news-channels__notice\" data-nosnippet=\"\">\n\t\t\u2757 Se voc\u00ea tem algum posicionamento a acrescentar nesta mat\u00e9ria ou alguma corre\u00e7\u00e3o a fazer, entre em contato com <a class=\"b247-news-channels__link\" href=\"http:\/\/www.brasil247.com\/cdn-cgi\/l\/email-protection#8cfee9e8edefede3cceefeedffe5e0beb8bba2efe3e1a2eefe\" rel=\"nofollow noopener\" target=\"_blank\">[email\u00a0protected]<\/a>.\t<\/p>\n<p class=\"b247-news-channels__follow\" data-nosnippet=\"\">\n\t\t\u2705 Receba as not\u00edcias do Brasil 247 e da TV 247 no <a class=\"b247-news-channels__link\" href=\"https:\/\/t.me\/s\/brasil247oficial\" target=\"_blank\" rel=\"noopener noreferrer nofollow\">Telegram do 247<\/a> e no <a class=\"b247-news-channels__link\" href=\"https:\/\/whatsapp.com\/channel\/0029Va5CrrPD38COKOxDbM1M\" target=\"_blank\" rel=\"noopener noreferrer nofollow\">canal do 247<\/a> no WhatsApp.\t<\/p>\n<p class=\"b247-news-channels__support-lead\">Apoie o jornalismo independente do 247:<\/p>\n<p>\n\t\tCortes 247<\/p>\n","protected":false},"excerpt":{"rendered":"247 \u2013 Os filhos de Brad Pitt pediram a retirada do sobrenome do pai em processos publicados na&hellip;\n","protected":false},"author":2,"featured_media":450028,"comment_status":"","ping_status":"","sticky":false,"template":"","format":"standard","meta":{"footnotes":"","_share_on_mastodon":"0"},"categories":[145],"tags":[20808,8151,211,210,114,115,32,33],"class_list":["post-450027","post","type-post","status-publish","format-standard","has-post-thumbnail","category-celebridades","tag-angelina-jolie","tag-brad-pitt","tag-celebridades","tag-celebrities","tag-entertainment","tag-entretenimento","tag-portugal","tag-pt"],"share_on_mastodon":{"url":"https:\/\/pubeurope.com\/@pt\/116918625654690551","error":""},"_links":{"self":[{"href":"https:\/\/www.europesays.com\/pt\/wp-json\/wp\/v2\/posts\/450027","targetHints":{"allow":["GET"]}}],"collection":[{"href":"https:\/\/www.europesays.com\/pt\/wp-json\/wp\/v2\/posts"}],"about":[{"href":"https:\/\/www.europesays.com\/pt\/wp-json\/wp\/v2\/types\/post"}],"author":[{"embeddable":true,"href":"https:\/\/www.europesays.com\/pt\/wp-json\/wp\/v2\/users\/2"}],"replies":[{"embeddable":true,"href":"https:\/\/www.europesays.com\/pt\/wp-json\/wp\/v2\/comments?post=450027"}],"version-history":[{"count":0,"href":"https:\/\/www.europesays.com\/pt\/wp-json\/wp\/v2\/posts\/450027\/revisions"}],"wp:featuredmedia":[{"embeddable":true,"href":"https:\/\/www.europesays.com\/pt\/wp-json\/wp\/v2\/media\/450028"}],"wp:attachment":[{"href":"https:\/\/www.europesays.com\/pt\/wp-json\/wp\/v2\/media?parent=450027"}],"wp:term":[{"taxonomy":"category","embeddable":true,"href":"https:\/\/www.europesays.com\/pt\/wp-json\/wp\/v2\/categories?post=450027"},{"taxonomy":"post_tag","embeddable":true,"href":"https:\/\/www.europesays.com\/pt\/wp-json\/wp\/v2\/tags?post=450027"}],"curies":[{"name":"wp","href":"https:\/\/api.w.org\/{rel}","templated":true}]}}