{"id":45038,"date":"2025-08-25T23:15:22","date_gmt":"2025-08-25T23:15:22","guid":{"rendered":"https:\/\/www.europesays.com\/pt\/45038\/"},"modified":"2025-08-25T23:15:22","modified_gmt":"2025-08-25T23:15:22","slug":"barcelona-abre-as-portas-de-saida-a-antigo-alvo-do-fc-porto","status":"publish","type":"post","link":"https:\/\/www.europesays.com\/pt\/45038\/","title":{"rendered":"Barcelona abre as portas de sa\u00edda a antigo alvo do FC Porto"},"content":{"rendered":"<p><strong>O Barcelona pode emprestar Roony Bardghji durante a presente temporada. O jogador j\u00e1 esteve no radar do FC Porto.<\/strong><\/p>\n<p>Roony Bardghji dever\u00e1 ser emprestado pelo Barcelona nos \u00faltimos dias do mercado de transfer\u00eancias.De acordo com o Diario As, o conjunto catal\u00e3o n\u00e3o vai conseguir inscrever a jovem promessa na <a href=\"https:\/\/bolanarede.pt\/etiqueta\/la-liga\/\" target=\"_blank\" rel=\"noreferrer noopener nofollow\">La Liga<\/a> e quer que o jogador some minutos para n\u00e3o atrasar o seu desenvolvimento.<\/p>\n<p>O sueco pode assim regressar ao Copenhaga, clube onde fez a sua forma\u00e7\u00e3o e que o vendeu neste mercado por dois milh\u00f5es e meio de euros. Na \u00faltima \u00e9poca realizou seis encontros, n\u00e3o marcando qualquer golo.<\/p>\n<p>Roony Bardghji j\u00e1 esteve na \u00f3rbita do FC Porto no come\u00e7o desta janela de transfer\u00eancias.<\/p>\n","protected":false},"excerpt":{"rendered":"O Barcelona pode emprestar Roony Bardghji durante a presente temporada. O jogador j\u00e1 esteve no radar do FC&hellip;\n","protected":false},"author":2,"featured_media":45039,"comment_status":"","ping_status":"","sticky":false,"template":"","format":"standard","meta":{"footnotes":""},"categories":[8],"tags":[260,1235,27,28,282,15,16,14,5705,25,26,21,22,12,13,19,20,32,23,24,33,13675,17,18,29,30,31],"class_list":{"0":"post-45038","1":"post","2":"type-post","3":"status-publish","4":"format-standard","5":"has-post-thumbnail","7":"category-principais-noticias","8":"tag-atualidade","9":"tag-barcelona","10":"tag-breaking-news","11":"tag-breakingnews","12":"tag-fc-porto","13":"tag-featured-news","14":"tag-featurednews","15":"tag-headlines","16":"tag-la-liga","17":"tag-latest-news","18":"tag-latestnews","19":"tag-main-news","20":"tag-mainnews","21":"tag-news","22":"tag-noticias","23":"tag-noticias-principais","24":"tag-noticiasprincipais","25":"tag-portugal","26":"tag-principais-noticias","27":"tag-principaisnoticias","28":"tag-pt","29":"tag-roony-bardghji","30":"tag-top-stories","31":"tag-topstories","32":"tag-ultimas","33":"tag-ultimas-noticias","34":"tag-ultimasnoticias"},"share_on_mastodon":{"url":"","error":""},"_links":{"self":[{"href":"https:\/\/www.europesays.com\/pt\/wp-json\/wp\/v2\/posts\/45038","targetHints":{"allow":["GET"]}}],"collection":[{"href":"https:\/\/www.europesays.com\/pt\/wp-json\/wp\/v2\/posts"}],"about":[{"href":"https:\/\/www.europesays.com\/pt\/wp-json\/wp\/v2\/types\/post"}],"author":[{"embeddable":true,"href":"https:\/\/www.europesays.com\/pt\/wp-json\/wp\/v2\/users\/2"}],"replies":[{"embeddable":true,"href":"https:\/\/www.europesays.com\/pt\/wp-json\/wp\/v2\/comments?post=45038"}],"version-history":[{"count":0,"href":"https:\/\/www.europesays.com\/pt\/wp-json\/wp\/v2\/posts\/45038\/revisions"}],"wp:featuredmedia":[{"embeddable":true,"href":"https:\/\/www.europesays.com\/pt\/wp-json\/wp\/v2\/media\/45039"}],"wp:attachment":[{"href":"https:\/\/www.europesays.com\/pt\/wp-json\/wp\/v2\/media?parent=45038"}],"wp:term":[{"taxonomy":"category","embeddable":true,"href":"https:\/\/www.europesays.com\/pt\/wp-json\/wp\/v2\/categories?post=45038"},{"taxonomy":"post_tag","embeddable":true,"href":"https:\/\/www.europesays.com\/pt\/wp-json\/wp\/v2\/tags?post=45038"}],"curies":[{"name":"wp","href":"https:\/\/api.w.org\/{rel}","templated":true}]}}