{"id":45042,"date":"2025-08-25T23:19:08","date_gmt":"2025-08-25T23:19:08","guid":{"rendered":"https:\/\/www.europesays.com\/pt\/45042\/"},"modified":"2025-08-25T23:19:08","modified_gmt":"2025-08-25T23:19:08","slug":"a-fazenda-gaspar-promete-a-alba-descobrir-duarte-e-impede-denuncia-de-eva-a-policia-novelas","status":"publish","type":"post","link":"https:\/\/www.europesays.com\/pt\/45042\/","title":{"rendered":"A Fazenda: Gaspar promete a Alba descobrir Duarte e impede den\u00fancia de Eva \u00e0 pol\u00edcia &#8211; Novelas"},"content":{"rendered":"<p>Em \u00abA Fazenda\u00bb,\u00a0Gaspar (Nuno Lopes) confirma a Alba (S\u00e3o Jos\u00e9 Correia) ser verdade que Eva (Margarida Corceiro) empurrou Duarte (Cl\u00e1udio de Castro) para o rio, acrescentando que Lukenia (Rita Cruz) gravou tudo e por essa raz\u00e3o Eva teve de desistir de casar-se com Talu (Evandro Gomes). Gaspar promete a Alba descobrir Duarte, pedindo-lhe que n\u00e3o denuncie Eva \u00e0 pol\u00edcia.<\/p>\n","protected":false},"excerpt":{"rendered":"Em \u00abA Fazenda\u00bb,\u00a0Gaspar (Nuno Lopes) confirma a Alba (S\u00e3o Jos\u00e9 Correia) ser verdade que Eva (Margarida Corceiro) empurrou&hellip;\n","protected":false},"author":2,"featured_media":45043,"comment_status":"","ping_status":"","sticky":false,"template":"","format":"standard","meta":{"footnotes":""},"categories":[142],"tags":[657,160,166,114,115,157,167,164,2931,161,158,165,159,32,33,156,163,151,162],"class_list":{"0":"post-45042","1":"post","2":"type-post","3":"status-publish","4":"format-standard","5":"has-post-thumbnail","7":"category-tv","8":"tag-a-fazenda","9":"tag-ana-guiomar","10":"tag-cristina-ferreira","11":"tag-entertainment","12":"tag-entretenimento","13":"tag-festa-e-festa","14":"tag-ficcao","15":"tag-jose-fidalgo","16":"tag-novela","17":"tag-novelas","18":"tag-para-sempre","19":"tag-pedro-sousa","20":"tag-pedro-teixeira","21":"tag-portugal","22":"tag-pt","23":"tag-queridos-papas","24":"tag-tiago-teotonio-pereira","25":"tag-tv","26":"tag-tvi"},"share_on_mastodon":{"url":"","error":""},"_links":{"self":[{"href":"https:\/\/www.europesays.com\/pt\/wp-json\/wp\/v2\/posts\/45042","targetHints":{"allow":["GET"]}}],"collection":[{"href":"https:\/\/www.europesays.com\/pt\/wp-json\/wp\/v2\/posts"}],"about":[{"href":"https:\/\/www.europesays.com\/pt\/wp-json\/wp\/v2\/types\/post"}],"author":[{"embeddable":true,"href":"https:\/\/www.europesays.com\/pt\/wp-json\/wp\/v2\/users\/2"}],"replies":[{"embeddable":true,"href":"https:\/\/www.europesays.com\/pt\/wp-json\/wp\/v2\/comments?post=45042"}],"version-history":[{"count":0,"href":"https:\/\/www.europesays.com\/pt\/wp-json\/wp\/v2\/posts\/45042\/revisions"}],"wp:featuredmedia":[{"embeddable":true,"href":"https:\/\/www.europesays.com\/pt\/wp-json\/wp\/v2\/media\/45043"}],"wp:attachment":[{"href":"https:\/\/www.europesays.com\/pt\/wp-json\/wp\/v2\/media?parent=45042"}],"wp:term":[{"taxonomy":"category","embeddable":true,"href":"https:\/\/www.europesays.com\/pt\/wp-json\/wp\/v2\/categories?post=45042"},{"taxonomy":"post_tag","embeddable":true,"href":"https:\/\/www.europesays.com\/pt\/wp-json\/wp\/v2\/tags?post=45042"}],"curies":[{"name":"wp","href":"https:\/\/api.w.org\/{rel}","templated":true}]}}