{"id":450695,"date":"2026-07-15T02:15:17","date_gmt":"2026-07-15T02:15:17","guid":{"rendered":"https:\/\/www.europesays.com\/pt\/450695\/"},"modified":"2026-07-15T02:15:17","modified_gmt":"2026-07-15T02:15:17","slug":"dua-lipa-apoia-protestos-na-albania-contra-resort-do-kushner-observador","status":"publish","type":"post","link":"https:\/\/www.europesays.com\/pt\/450695\/","title":{"rendered":"Dua Lipa apoia protestos na Alb\u00e2nia contra resort do Kushner \u2013 Observador"},"content":{"rendered":"<p>A cantora Dua Lipa afirmou esta ter\u00e7a-feira que considera \u201cinspirador\u201d o ativismo dos manifestantes albaneses que est\u00e3o a protestar h\u00e1 seis semanas contra a constru\u00e7\u00e3o de um resort de Jared Kushner, genro de Donald Trump, na ilha de Sazan. Dua Lipa nasceu em Londres e \u00e9 filha de refugiados kosovares albaneses.<\/p>\n<p><strong>\u201cAcho muito inspirador ver o quanto as pessoas realmente se preocupam\u201d<\/strong>, afirmou, numa entrevista ao podcast <a href=\"https:\/\/www.service95.com\/dua-lipa-lea-ypi-book-club-interview\" rel=\"nofollow noopener\" target=\"_blank\">Service95<\/a>, sublinhando que a quest\u00e3o \u201cpreocupante\u201d foi a atitude do Governo alban\u00eas em permitir a mudan\u00e7a da legisla\u00e7\u00e3o ambiental para permitir a constru\u00e7\u00e3o do resort na ilha, sem garantias de transpar\u00eancia no processo.<\/p>\n<p>O projeto foi apresentado em 2024, mas as prepara\u00e7\u00f5es da constru\u00e7\u00e3o come\u00e7aram em maio deste ano. A obra tamb\u00e9m abrange a zona costeira da pen\u00ednsula de Zv\u00ebrnec.<\/p>\n<p>A ilha de Sazan \u00e9 considerada uma reserva natural que alberga esp\u00e9cies raras e ecossistemas vitais, refere o <a href=\"https:\/\/www.theguardian.com\/music\/2026\/jul\/14\/dua-lipa-calls-albanian-protests-against-jared-kushner-backed-resort-inspiring\" rel=\"nofollow noopener\" target=\"_blank\">The Guardian<\/a>, como flamingos \u2014 que se tornaram s\u00edmbolos dos protestos \u2014 e focas-monge-do-Mediterr\u00e2neo, uma esp\u00e9cie considerada <a href=\"https:\/\/www.iucnredlist.org\/species\/13653\/238637039\" rel=\"nofollow noopener\" target=\"_blank\">vulner\u00e1vel<\/a> pela Lista Vermelha da Uni\u00e3o Internacional para a Conserva\u00e7\u00e3o da Natureza e dos Recursos Naturais.<\/p>\n<p>As declara\u00e7\u00f5es foram bem recebidas por Aleksander Trajce, l\u00edder do grupo de Prote\u00e7\u00e3o e Preserva\u00e7\u00e3o do Meio Ambiente Natural na Alb\u00e2nia, que afirmou terem sido \u201coportunas\u201d.<\/p>\n<p>\u201cFoi uma declara\u00e7\u00e3o poderosa\u201d, referiu Trajce, ao The Guardian, que sublinha o facto de os protestos terem entrado no seu 45.\u00ba dia e \u201cn\u00e3o haver sinais de que parem\u201d.<\/p>\n<p>A onda de protestos come\u00e7ou no fim de maio, quando come\u00e7aram a ser colocadas cercas de arame farpado e escavadoras no local de constru\u00e7\u00e3o do resort. As manifesta\u00e7\u00f5es rapidamente se tornaram um \u201cs\u00edmbolo da insatisfa\u00e7\u00e3o com a suposta corrup\u00e7\u00e3o no pa\u00eds\u201d, sobretudo do primeiro-ministro Edi Rama, refere o <a href=\"https:\/\/www.swissinfo.ch\/por\/dua-lipa-apoia-protestos-na-alb%C3%A2nia-contra-projeto-vinculado-%C3%A0-fam%C3%ADlia-trump\/91745603\" rel=\"nofollow noopener\" target=\"_blank\">Swissinfo<\/a>.<\/p>\n<p><b>[Um poderoso empres\u00e1rio concorre \u00e0 C\u00e2mara de Lisboa e vai fazer tudo para ganhar as elei\u00e7\u00f5es, ao mesmo tempo que vive um drama familiar: o filho foi raptado e est\u00e1 desaparecido h\u00e1 quase um m\u00eas. Onde est\u00e1 afinal Jos\u00e9 Valbom? \u201cO Candidato Perfeito\u201d \u00e9 o novo podcast de fic\u00e7\u00e3o do Observador, em parceria com a Coyote Vadio, e \u00e9 a continua\u00e7\u00e3o da hist\u00f3ria de \u201cO Z\u00e9 faz 25\u201d. Conta com as vozes de Jos\u00e9 Raposo, Tiago Teot\u00f3nio Pereira, Madalena Almeida, Vera Moura, Paulo Calatr\u00e9, Susana Brand\u00e3o, Sara Matos, F\u00e1bio Baptista, Pedro Laginha e Carla Andrino. Pode ouvir o primeiro epis\u00f3dio no\u00a0<a href=\"https:\/\/observador.pt\/programas\/o-candidato-perfeito\/episodio-1-sem-limites\/\" rel=\"nofollow noopener\" target=\"_blank\">site do Observador<\/a>, na\u00a0<a href=\"https:\/\/podcasts.apple.com\/pt\/podcast\/epis%C3%B3dio-1-sem-limites\/id6786870725?i=1000776166624\" rel=\"nofollow noopener\" target=\"_blank\">Apple Podcasts<\/a>, no\u00a0<a href=\"https:\/\/open.spotify.com\/episode\/3rI1dboxG6hrd1CDu1kKK0\" rel=\"nofollow noopener\" target=\"_blank\">Spotify<\/a>\u00a0e no\u00a0<a href=\"https:\/\/www.youtube.com\/watch?v=ICtzc2Vltvs&amp;list=PLISxaPHGB-Z0&amp;index=3\" rel=\"nofollow noopener\" target=\"_blank\">YouTube.<\/a>]<\/b><\/p>\n<p><a href=\"https:\/\/observador.pt\/programas\/o-candidato-perfeito\/episodio-1-sem-limites\/\" rel=\"nofollow noopener\" target=\"_blank\"><\/p>\n<p>        <img src=\"https:\/\/www.europesays.com\/pt\/wp-content\/uploads\/2026\/07\/1784062153_306_770-o-candidato-perfeito-play.jpg\" alt=\"\" loading=\"lazy\" decoding=\"async\" class=\"alignnone\" onload=\"this.parentElement.classList.remove('spinner')\" onerror=\"this.parentElement.classList.remove('spinner')\" width=\"770\" height=\"433\"\/>    <\/p>\n<p><\/a><\/p>\n","protected":false},"excerpt":{"rendered":"A cantora Dua Lipa afirmou esta ter\u00e7a-feira que considera \u201cinspirador\u201d o ativismo dos manifestantes albaneses que est\u00e3o a&hellip;\n","protected":false},"author":2,"featured_media":450696,"comment_status":"","ping_status":"","sticky":false,"template":"","format":"standard","meta":{"footnotes":"","_share_on_mastodon":"0"},"categories":[141],"tags":[72253,624,114,115,623,62,149,150,32,4256,33,58],"class_list":["post-450695","post","type-post","status-publish","format-standard","has-post-thumbnail","category-musica","tag-albu00e2nia","tag-amu00e9rica","tag-entertainment","tag-entretenimento","tag-estados-unidos-da-amu00e9rica","tag-mundo","tag-music","tag-musica","tag-portugal","tag-protestos","tag-pt","tag-sociedade"],"share_on_mastodon":{"url":"https:\/\/pubeurope.com\/@pt\/116921587143817168","error":""},"_links":{"self":[{"href":"https:\/\/www.europesays.com\/pt\/wp-json\/wp\/v2\/posts\/450695","targetHints":{"allow":["GET"]}}],"collection":[{"href":"https:\/\/www.europesays.com\/pt\/wp-json\/wp\/v2\/posts"}],"about":[{"href":"https:\/\/www.europesays.com\/pt\/wp-json\/wp\/v2\/types\/post"}],"author":[{"embeddable":true,"href":"https:\/\/www.europesays.com\/pt\/wp-json\/wp\/v2\/users\/2"}],"replies":[{"embeddable":true,"href":"https:\/\/www.europesays.com\/pt\/wp-json\/wp\/v2\/comments?post=450695"}],"version-history":[{"count":0,"href":"https:\/\/www.europesays.com\/pt\/wp-json\/wp\/v2\/posts\/450695\/revisions"}],"wp:featuredmedia":[{"embeddable":true,"href":"https:\/\/www.europesays.com\/pt\/wp-json\/wp\/v2\/media\/450696"}],"wp:attachment":[{"href":"https:\/\/www.europesays.com\/pt\/wp-json\/wp\/v2\/media?parent=450695"}],"wp:term":[{"taxonomy":"category","embeddable":true,"href":"https:\/\/www.europesays.com\/pt\/wp-json\/wp\/v2\/categories?post=450695"},{"taxonomy":"post_tag","embeddable":true,"href":"https:\/\/www.europesays.com\/pt\/wp-json\/wp\/v2\/tags?post=450695"}],"curies":[{"name":"wp","href":"https:\/\/api.w.org\/{rel}","templated":true}]}}