{"id":450737,"date":"2026-07-15T03:53:31","date_gmt":"2026-07-15T03:53:31","guid":{"rendered":"https:\/\/www.europesays.com\/pt\/450737\/"},"modified":"2026-07-15T03:53:31","modified_gmt":"2026-07-15T03:53:31","slug":"assista-a-partir-de-agora-ao-jornal-da-record-r7-4","status":"publish","type":"post","link":"https:\/\/www.europesays.com\/pt\/450737\/","title":{"rendered":"Assista a partir de agora ao Jornal da Record &#8211; R7"},"content":{"rendered":"<ol>\n<li><a href=\"https:\/\/news.google.com\/rss\/articles\/CBMimgFBVV95cUxNbTN3UkprT1c0SHFCSHNUbjVRVlRmUXRXRERWZC1ldGxhbDB2UkNGcW1YYTlCZG5JbWVzTkdEVE80ZVBfWTZZYVlkWW9TWjBOSVowbUY3cmJQc3IzRkZLMjUxUVhEckJmNzZTNUJLT2tkYVlxNnU0OGxuM1lFZWpKNnFKVzJRaFhFSzJITnBsQzZwcjJybWlQczJ3?oc=5\" target=\"_blank\" rel=\"nofollow noopener\">Assista a partir de agora ao Jornal da Record<\/a>&nbsp;&nbsp;R7<\/li>\n<li><a href=\"https:\/\/news.google.com\/rss\/articles\/CBMi9gFBVV95cUxNOE1WZWotaUhIcno3S3JaN2lFQm5fQThMNUdOZzBfRDlwMHJuMTRudEhGck5HeEVyc0JxcGZjQU4wMzhHZWpzSXRfaHBJVjk4elhMS0dkaG9VNURMT0xzWjVUZ2FBa3ZILVV0akljbXdLUzNTOFNZenVDSXJXdG1SOU9nTjVmMGVld3NJZUtRZmY4Z0FYdU51eXlieU1BRGw2T19qR0tkREg3cG9KeVdkSDNfMjhqSEpRamxVRWRYaERaaWtjOEIwNGlEb0EtQ2lQblBUb1AwTWk5WHVYSUFkT290NFQwNFVWRE11RUNQeG9iRzBOaGfSAYQCQVVfeXFMTXJVYmxNZDlKMVBRTjQyX0dvcjN2TWpzeWs1cGI1aUc2VDlRNHhlN3dIbWRxbkZYbkhqeHVaWDg3SWNVMW5ObzJ0V1k0c3lBaUphYjlkQWphSEVUaF9CUllLaUNpTFFQanVKTFY3UjNET0tfM1I0SG1oa3I5eGtyMFdkLTRIdkJZUTNuODVvcEtvalcyYkYtVHpzMllxbGlFN1BhaUg3bmxMdmlCQ3dVV3VUV05TTGFyamd6MDVNMnJiQ2VrOF9sd2dGaW5tbml0anllR1hDVU1wS0ZRSnROZEtsTWhVdWVGTHdSeDlzMlpTbmRuZnNmZ25qbXRsVGxkYVRJRG0?oc=5\" target=\"_blank\" rel=\"nofollow noopener\">Sabesp fecha cratera que causou rachaduras em im\u00f3veis em Osasco, na Grande SP; 3 casas seguem interditadas<\/a>&nbsp;&nbsp;G1<\/li>\n<li><a href=\"https:\/\/news.google.com\/rss\/articles\/CBMi4wFBVV95cUxNZHI2NEF2QzZyNmN5RDBCQTVJTm5hTGExeFRGdWpUYnFOREVYV0lmN2xoYmVGdFpFeVVvQTVoNHRUZngyVTkySWFKamljRWh4V2d5akxBdnpGbjk1WnVmVXVTOVhLRlpxX1NYQVJBQ2psVDJRanZfQ3N3cXItUkRlYzRCeHRvOHhaNWloQm4zS2pnMUNlR09JNkhPanJ0TVdFdGtweUZIb1phbEtvcVdJd1Q5SDBvSnNLandfNVNkOWx4US1reUlvd2d1cW5YemJTNW91V0ZYZjJWZXhGUzRvNjhOSQ?oc=5\" target=\"_blank\" rel=\"nofollow noopener\">Cratera se abre durante obra da Sabesp em Osasco e deixa nove desabrigados<\/a>&nbsp;&nbsp;UOL Not\u00edcias<\/li>\n<li><a href=\"https:\/\/news.google.com\/rss\/articles\/CBMitwFBVV95cUxQWlVGd0x3NE14NTg3bDNZT0g4ZkZhaU8xYUZwd2RwVjc2Q2hma2RPVHhxbExTeXB2czNqOERzaHBab3NwOW5RUmFBSGt3WXQ3eTFueFFkQ2JZUTc5UkMwWUthUF9tYkIyUzZvdW9Wa2p3VmQ2ajM4YXB2eUFZM0VBMEtGbU5fdHBKSTk1NXF3OURsR2czTGlLV2VRTTdxakltaFhweXlSSzNQNkh6eElmZm4xRGhkMHM?oc=5\" target=\"_blank\" rel=\"nofollow noopener\">Cratera em Osasco danifica casas em obra de terceirizada da Sabesp<\/a>&nbsp;&nbsp;CNN Brasil<\/li>\n<li><a href=\"https:\/\/news.google.com\/rss\/articles\/CBMidEFVX3lxTE9oVFhtYzJuUHRHWHhpMnZjQVowbGlJVXQ3THdZcmdpY0hsNzhhc0JMXzNWOC10R2xnXzJKZXNLaFlGZDliRkxqeDVEckZCMTliNXhwWGZPSFFkZ1RSMXg1MENhRVZmektIbzlocWE1TjdqSmJ4?oc=5\" target=\"_blank\" rel=\"nofollow noopener\">Fam\u00edlias s\u00e3o retiradas de resid\u00eancias ap\u00f3s vazamento de g\u00e1s em Osasco<\/a>&nbsp;&nbsp;Metr\u00f3poles<\/li>\n<\/ol>\n","protected":false},"excerpt":{"rendered":"Assista a partir de agora ao Jornal da Record&nbsp;&nbsp;R7 Sabesp fecha cratera que causou rachaduras em im\u00f3veis em&hellip;\n","protected":false},"author":2,"featured_media":445254,"comment_status":"","ping_status":"","sticky":false,"template":"","format":"standard","meta":{"footnotes":"","_share_on_mastodon":"0"},"categories":[142],"tags":[72258,114,115,43806,4286,32,33,151],"class_list":["post-450737","post","type-post","status-publish","format-standard","has-post-thumbnail","category-tv","tag-14-07-2026","tag-entertainment","tag-entretenimento","tag-integra","tag-jornal-da-record","tag-portugal","tag-pt","tag-tv"],"share_on_mastodon":{"url":"https:\/\/pubeurope.com\/@pt\/116921971892285086","error":""},"_links":{"self":[{"href":"https:\/\/www.europesays.com\/pt\/wp-json\/wp\/v2\/posts\/450737","targetHints":{"allow":["GET"]}}],"collection":[{"href":"https:\/\/www.europesays.com\/pt\/wp-json\/wp\/v2\/posts"}],"about":[{"href":"https:\/\/www.europesays.com\/pt\/wp-json\/wp\/v2\/types\/post"}],"author":[{"embeddable":true,"href":"https:\/\/www.europesays.com\/pt\/wp-json\/wp\/v2\/users\/2"}],"replies":[{"embeddable":true,"href":"https:\/\/www.europesays.com\/pt\/wp-json\/wp\/v2\/comments?post=450737"}],"version-history":[{"count":0,"href":"https:\/\/www.europesays.com\/pt\/wp-json\/wp\/v2\/posts\/450737\/revisions"}],"wp:featuredmedia":[{"embeddable":true,"href":"https:\/\/www.europesays.com\/pt\/wp-json\/wp\/v2\/media\/445254"}],"wp:attachment":[{"href":"https:\/\/www.europesays.com\/pt\/wp-json\/wp\/v2\/media?parent=450737"}],"wp:term":[{"taxonomy":"category","embeddable":true,"href":"https:\/\/www.europesays.com\/pt\/wp-json\/wp\/v2\/categories?post=450737"},{"taxonomy":"post_tag","embeddable":true,"href":"https:\/\/www.europesays.com\/pt\/wp-json\/wp\/v2\/tags?post=450737"}],"curies":[{"name":"wp","href":"https:\/\/api.w.org\/{rel}","templated":true}]}}