{"id":450985,"date":"2026-07-15T11:01:04","date_gmt":"2026-07-15T11:01:04","guid":{"rendered":"https:\/\/www.europesays.com\/pt\/450985\/"},"modified":"2026-07-15T11:01:04","modified_gmt":"2026-07-15T11:01:04","slug":"colesterol-alto-sintomas-causas-e-como-controlar-14-07-2026-equilibrio-e-saude","status":"publish","type":"post","link":"https:\/\/www.europesays.com\/pt\/450985\/","title":{"rendered":"Colesterol alto: sintomas, causas e como controlar &#8211; 14\/07\/2026 &#8211; Equil\u00edbrio e Sa\u00fade"},"content":{"rendered":"<p>Esta \u00e9 a edi\u00e7\u00e3o da newsletter <a href=\"https:\/\/www1.folha.uol.com.br\/folha-topicos\/cuide-se\/\" rel=\"nofollow noopener\" target=\"_blank\">Cuide-se<\/a>. Quer receb\u00ea-la no seu email? Inscreva-se abaixo:<\/p>\n<p>    Cuide-se<\/p>\n<p class=\"c-newsletter__subtitle\">Ci\u00eancia, h\u00e1bitos e preven\u00e7\u00e3o numa newsletter para a sua sa\u00fade e bem-estar<\/p>\n<p>Quando falamos desse assunto, \u00e9 comum ouvirmos que existe um bom e ruim.<\/p>\n<p>Mas, antes de entender essa diferen\u00e7a, vamos ao b\u00e1sico: <strong>o que \u00e9 o <a href=\"https:\/\/www1.folha.uol.com.br\/equilibrioesaude\/2025\/09\/nova-diretriz-brasileira-para-colesterol-redefine-metas-diagnosticos-e-tratamento-para-prevenir-infartos-e-avc.shtml\" rel=\"nofollow noopener\" target=\"\">colesterol<\/a>?<\/strong> \u00c9 um tipo de gordura, ou lip\u00eddio, presente na circula\u00e7\u00e3o sangu\u00ednea desde o nascimento.<\/p>\n<p><strong>Para que ele serve?<\/strong> \u00c9 fundamental para a forma\u00e7\u00e3o das membranas celulares, da bile (que auxilia na digest\u00e3o), e de diversos horm\u00f4nios esteroides. Atua no transporte de vitaminas lipossol\u00faveis, como as vitaminas A, D, E e K.<\/p>\n<p><b>Agora, os lados dessa hist\u00f3ria:<\/b><\/p>\n<p>O LDL (Lipoprote\u00edna de Baixa Densidade) \u00e9 chamado de colesterol &#8220;ruim&#8221; porque, quando ele est\u00e1 elevado, favorece o dep\u00f3sito de gordura nas paredes das art\u00e9rias.<\/p>\n<p>Em excesso, essas part\u00edculas podem atravessar a parede dos vasos, sofrer modifica\u00e7\u00f5es e desencadear um processo inflamat\u00f3rio local.<\/p>\n<p>Com o passar do tempo, isso favorece a aterosclerose, ocasionando o estreitamento dos vasos e podendo levar a infarto e <a href=\"https:\/\/www1.folha.uol.com.br\/equilibrioesaude\/2026\/06\/frio-sobrecarrega-o-coracao-e-aumenta-o-risco-de-infarto-e-avc-saiba-como-se-proteger.shtml\" rel=\"nofollow noopener\" target=\"\">AVC<\/a>, explica o patologista cl\u00ednico Helio Magarinos, membro da Sociedade Brasileira de Patologia Cl\u00ednica.<\/p>\n<p>Por que esse ac\u00famulo acontece com mais facilidade em algumas pessoas?<\/p>\n<p>A sa\u00fade dos vasos sangu\u00edneos tem um papel importante nesse processo. Fatores como tabagismo, obesidade, excesso de gordura visceral, diabetes e hipertens\u00e3o podem criar um ambiente inflamat\u00f3rio que prejudica a parede dos vasos e facilita a a\u00e7\u00e3o do colesterol, explica a m\u00e9dica Elaine Coutinho, da diretoria do departamento de aterosclerose da Sociedade Brasileira de Cardiologia.<\/p>\n<p>O HDL (Lipoprote\u00edna de Alta Densidade) \u00e9 conhecido como colesterol &#8220;bom&#8221;.<\/p>\n<p>Ele atua como uma esp\u00e9cie de &#8220;vassoura&#8221;, retirando o excesso de gordura dos tecidos e das paredes das art\u00e9rias e levando-o de volta para o f\u00edgado para ser metabolizado e eliminado, diz Magarinos.<\/p>\n<p><strong>O vil\u00e3o silencioso: <\/strong>N\u00edveis elevados de colesterol ruim n\u00e3o provocam sintomas imediatos, sendo identificados apenas por meio de exame de sangue.<\/p>\n<p><strong>Por isso&#8230; <\/strong>\u00e9 necess\u00e1rio realizar um lipidograma, que mede os n\u00edveis de gordura.<\/p>\n<p><strong>Como interpretar os resultados? <\/strong><\/p>\n<p>HDL: O ideal \u00e9 que esteja acima de 40 mg\/dL<\/p>\n<p>LDL: As metas variam conforme a sa\u00fade do paciente, mas como base:<\/p>\n<ul>&#13;<\/p>\n<li>Baixo risco: Abaixo de 115 mg\/dL<\/li>\n<p>&#13;<\/p>\n<li>Alto risco: Abaixo de 70 mg\/dL<\/li>\n<p>&#13;<\/p>\n<li>Risco muito alto: Abaixo de 50 mg\/dL<\/li>\n<p>&#13;\n<\/ul>\n<p>No exame aparece tamb\u00e9m o <strong>colesterol total<\/strong>, que serve apenas como um indicador geral.<\/p>\n<p>\u21b3 Para uma interpreta\u00e7\u00e3o correta, o resultado deve ser analisado de forma individualizada, levando em conta:<\/p>\n<ul>&#13;<\/p>\n<li>As quantidades espec\u00edficas de LDL e HDL<\/li>\n<p>&#13;<\/p>\n<li>Os n\u00edveis de triglicer\u00eddeos<\/li>\n<p>&#13;<\/p>\n<li>O risco <a href=\"https:\/\/www1.folha.uol.com.br\/equilibrioesaude\/2026\/06\/por-que-reduzir-o-colesterol-ldl-e-decisivo-para-proteger-o-coracao.shtml\" rel=\"nofollow noopener\" target=\"\">cardiovascular <\/a>geral do paciente (presen\u00e7a de diabetes, hipertens\u00e3o, fumo ou hist\u00f3rico familiar)<\/li>\n<p>&#13;\n<\/ul>\n<p><strong>H\u00e1bitos alimentares influenciam? <\/strong>Sim, mas de forma parcial. Cerca de dois ter\u00e7os do colesterol s\u00e3o produzidos pelo pr\u00f3prio f\u00edgado, enquanto aproximadamente um ter\u00e7o vem da alimenta\u00e7\u00e3o, diz Marcello Bertoluci, diretor do departamento de Dislipidemia e Aterosclerose da Sociedade Brasileira de Endocrinologia e Metabologia.<\/p>\n<p>Mesmo n\u00e3o sendo o \u00fanico fator determinante, a comida tem um papel importante porque alguns alimentos podem alterar os n\u00edveis de colesterol no sangue.<\/p>\n<p><strong>Aumenta o colesterol ruim:<\/strong><br \/>&#13;<br \/>\nO principal fator associado ao aumento do LDL \u00e9 o consumo excessivo de <a href=\"https:\/\/www1.folha.uol.com.br\/equilibrio\/2026\/03\/azeite-oleo-manteiga-qual-e-a-gordura-mais-saudavel-para-usar-na-cozinha.shtml\" rel=\"nofollow noopener\" target=\"\">gorduras <\/a>saturadas, presentes principalmente em produtos de origem animal e ultraprocessados, como:<\/p>\n<ul>&#13;<\/p>\n<li>Carnes e embutidos: carne vermelha, carne su\u00edna e produtos processados, como salame e salsicha<\/li>\n<p>&#13;<\/p>\n<li>Leite e derivados: queijos amarelos, creme de leite e manteiga<\/li>\n<p>&#13;<\/p>\n<li>Frituras em geral<\/li>\n<p>&#13;\n<\/ul>\n<p><strong>Melhora o colesterol bom:<\/strong><br \/>&#13;<br \/>\nConsumo baseado no padr\u00e3o <a href=\"https:\/\/www1.folha.uol.com.br\/equilibrio\/2025\/08\/dieta-mediterranea-e-aliada-da-saude-mental-aponta-estudo-brasileiro.shtml\" rel=\"nofollow noopener\" target=\"\">mediterr\u00e2neo <\/a>pode contribuir. S\u00e3o recomendados alimentos ricos em fibras e fitoster\u00f3is, al\u00e9m de:<\/p>\n<ul>&#13;<\/p>\n<li>Azeite de oliva<\/li>\n<p>&#13;<\/p>\n<li>Aveia<\/li>\n<p>&#13;<\/p>\n<li>Gr\u00e3os<\/li>\n<p>&#13;<\/p>\n<li>Sementes<\/li>\n<p>&#13;<\/p>\n<li>Nozes e outras oleaginosas<\/li>\n<p>&#13;\n<\/ul>\n<p>&#8220;Mesmo assim, a resposta \u00e0 alimenta\u00e7\u00e3o \u00e9 individual e deve ser avaliada em conjunto com o risco cardiovascular e os resultados dos exames&#8221;, afirma Bertoluci.<\/p>\n<p><strong>S\u00f3 o estilo de vida importa?<\/strong> N\u00e3o. Em muitos casos, tem forte influ\u00eancia gen\u00e9tica. Por isso, algumas pessoas podem apresentar n\u00edveis elevados mesmo mantendo h\u00e1bitos considerados saud\u00e1veis.<\/p>\n<p>H\u00e1 situa\u00e7\u00f5es em que a gen\u00e9tica tem um papel predominante, como no caso da hipercolesterolemia familiar, uma condi\u00e7\u00e3o em que altera\u00e7\u00f5es gen\u00e9ticas dificultam a remo\u00e7\u00e3o do LDL da circula\u00e7\u00e3o e podem levar a n\u00edveis muito elevados de colesterol desde a inf\u00e2ncia, explica Bertoluci.<\/p>\n<p>Nesses casos, \u00e9 recomendado acompanhamento m\u00e9dico para um diagn\u00f3stico preciso e, quando necess\u00e1rio, o uso de tratamento medicamentoso.<\/p>\n<p>O que voc\u00ea precisa saber<\/p>\n<p>Not\u00edcias sobre <a href=\"https:\/\/www1.folha.uol.com.br\/folha-topicos\/saude\/\" rel=\"nofollow noopener\" target=\"_blank\">sa\u00fade<\/a> e bem-estar<\/p>\n<p><strong>Por que perdemos o apetite conforme envelhecemos?<\/strong> A <a href=\"https:\/\/www1.folha.uol.com.br\/equilibrio\/2026\/07\/por-que-perdemos-o-apetite-conforme-envelhecemos-hormonios-paladar-e-solidao-podem-explicar.shtml?utm_source=newsletter&amp;utm_medium=email&amp;utm_campaign=saude\" rel=\"nofollow noopener\" target=\"_blank\">fome pode diminuir devido a mudan\u00e7as hormonais<\/a>, perda de olfato e paladar.<\/p>\n<p><strong>Todo desconforto com leite \u00e9 intoler\u00e2ncia \u00e0 lactose? <\/strong><a href=\"https:\/\/www1.folha.uol.com.br\/equilibrio\/2026\/07\/nem-todo-desconforto-com-leite-e-intolerancia-a-lactose-entenda-diferencas.shtml?utm_source=newsletter&amp;utm_medium=email&amp;utm_campaign=saude\" rel=\"nofollow noopener\" target=\"_blank\">Nem sempre<\/a>. Pode ser alergia \u00e0 prote\u00edna do leite de vaca e uma poss\u00edvel sensibilidade a um pept\u00eddeo formado durante a digest\u00e3o.<\/p>\n","protected":false},"excerpt":{"rendered":"Esta \u00e9 a edi\u00e7\u00e3o da newsletter Cuide-se. Quer receb\u00ea-la no seu email? Inscreva-se abaixo: Cuide-se Ci\u00eancia, h\u00e1bitos e&hellip;\n","protected":false},"author":2,"featured_media":450986,"comment_status":"","ping_status":"","sticky":false,"template":"","format":"standard","meta":{"footnotes":"","_share_on_mastodon":"0"},"categories":[86],"tags":[1031,6642,1029,236,116,4898,32,33,117],"class_list":["post-450985","post","type-post","status-publish","format-standard","has-post-thumbnail","category-saude","tag-autocuidado","tag-colesterol","tag-cuide-se","tag-folha","tag-health","tag-newsletters-da-folha","tag-portugal","tag-pt","tag-saude"],"share_on_mastodon":{"url":"https:\/\/pubeurope.com\/@pt\/116923655216475505","error":""},"_links":{"self":[{"href":"https:\/\/www.europesays.com\/pt\/wp-json\/wp\/v2\/posts\/450985","targetHints":{"allow":["GET"]}}],"collection":[{"href":"https:\/\/www.europesays.com\/pt\/wp-json\/wp\/v2\/posts"}],"about":[{"href":"https:\/\/www.europesays.com\/pt\/wp-json\/wp\/v2\/types\/post"}],"author":[{"embeddable":true,"href":"https:\/\/www.europesays.com\/pt\/wp-json\/wp\/v2\/users\/2"}],"replies":[{"embeddable":true,"href":"https:\/\/www.europesays.com\/pt\/wp-json\/wp\/v2\/comments?post=450985"}],"version-history":[{"count":0,"href":"https:\/\/www.europesays.com\/pt\/wp-json\/wp\/v2\/posts\/450985\/revisions"}],"wp:featuredmedia":[{"embeddable":true,"href":"https:\/\/www.europesays.com\/pt\/wp-json\/wp\/v2\/media\/450986"}],"wp:attachment":[{"href":"https:\/\/www.europesays.com\/pt\/wp-json\/wp\/v2\/media?parent=450985"}],"wp:term":[{"taxonomy":"category","embeddable":true,"href":"https:\/\/www.europesays.com\/pt\/wp-json\/wp\/v2\/categories?post=450985"},{"taxonomy":"post_tag","embeddable":true,"href":"https:\/\/www.europesays.com\/pt\/wp-json\/wp\/v2\/tags?post=450985"}],"curies":[{"name":"wp","href":"https:\/\/api.w.org\/{rel}","templated":true}]}}