{"id":451218,"date":"2026-07-15T14:48:28","date_gmt":"2026-07-15T14:48:28","guid":{"rendered":"https:\/\/www.europesays.com\/pt\/451218\/"},"modified":"2026-07-15T14:48:28","modified_gmt":"2026-07-15T14:48:28","slug":"governo-admite-queda-do-pib-per-capita-para-80-com-revisao-em-alta-da-populacao-economia","status":"publish","type":"post","link":"https:\/\/www.europesays.com\/pt\/451218\/","title":{"rendered":"Governo admite queda do PIB per capita para 80% com revis\u00e3o em alta da popula\u00e7\u00e3o &#8211; Economia"},"content":{"rendered":"<p class=\"\">&#13;<br \/>\n        O ministro da Economia e da Coes\u00e3o Territorial, Manuel Castro Almeida, admitiu esta quarta-feira que, <b>com a <a href=\"https:\/\/www.jornaldenegocios.pt\/economia\/detalhe\/populacao-revista-em-alta-para-11-4-milhoes-em-2025-mas-com-saldo-migratorio-em-queda\" target=\"_blank\" rel=\"tag nofollow noopener\">revis\u00e3o em alta da popula\u00e7\u00e3o residente em Portugal<\/a>, o produto interno bruto (PIB) per capita dever\u00e1 sofrer uma &#8220;redu\u00e7\u00e3o substancial&#8221;. <\/b><b\/>Pelas contas do Governo, o PIB per capita revisto\u00a0<b>dever\u00e1 ficar &#8220;na ordem dos 80%&#8221; face \u00e0 m\u00e9dia europeia<\/b>, o que aponta para 30 anos a &#8220;marcar passo&#8221; na converg\u00eancia europeia.&#13;\n    <\/p>\n<p class=\"\">&#13;<br \/>\n        &#8220;As altera\u00e7\u00f5es que o INE [Instituto Nacional de Estat\u00edstica] fez nos <a href=\"https:\/\/www.jornaldenegocios.pt\/economia\/detalhe\/que-indicadores-vao-ser-revistos-pelo-ine-a-boleia-do-aumento-da-populacao\" target=\"_blank\" rel=\"tag nofollow noopener\">\u00faltimos dados da popula\u00e7\u00e3o vieram alterar v\u00e1rias s\u00e9ries estat\u00edsticas<\/a>, designadamente o nosso PIB per capita\u00a0\u2013 a riqueza que cada portugu\u00eas produz e consome. Introduziram um elemento novo: um <b>acr\u00e9scimo significativo da popula\u00e7\u00e3o que n\u00e3o estava previsto e, portanto, uma redu\u00e7\u00e3o do PIB per capita substancial<\/b>&#8220;, come\u00e7ou por referir o ministro, em audi\u00e7\u00e3o regimental na Assembleia da Rep\u00fablica.&#13;\n    <\/p>\n<p class=\"\">&#13;<br \/>\n        Por\u00e9m, destacou que\u00a0<b>&#8220;falta ainda mexer no valor do produto&#8221;, pelo que n\u00e3o \u00e9 poss\u00edvel calcular ainda com exatid\u00e3o o PIB per capita<\/b>. &#8220;Enquanto n\u00e3o estiver afinado o valor global da altera\u00e7\u00e3o da popula\u00e7\u00e3o e do produto, [n\u00e3o \u00e9 poss\u00edvel perceber] o que aconteceu ao valor do PIB per capita e compar\u00e1-lo com as m\u00e9dias europeias&#8221;, disse.&#13;\n    <\/p>\n<p class=\"\">&#13;<br \/>\n        Ainda assim, o Governo avan\u00e7a j\u00e1 com uma estimativa.\u00a0&#8220;<b>H\u00e1 um valor que podemos calcular na ordem dos 80% que h\u00e1 de ser a nossa refer\u00eancia para o PIB per capita, em paridade de poder de compra, face \u00e0 m\u00e9dia europeia.\u00a0Mais coisa, menos coisa<\/b>. Os n\u00fameros n\u00e3o est\u00e3o ainda afinados, mas quando vierem os n\u00fameros finais do INE n\u00e3o deixar\u00e3o de estar muito distantes deste valor&#8221;, garantiu o ministro da Economia.&#13;\n    <\/p>\n<p class=\"\">&#13;<br \/>\n        Com base nessa estimativa, Manuel Castro Almeida salientou que <b>&#8220;Portugal n\u00e3o avan\u00e7ou no indicador do PIB per capita, em paridade de poder de compra, face \u00e0 m\u00e9dia europeia&#8221;. &#8220;<\/b><a href=\"https:\/\/www.jornaldenegocios.pt\/economia\/europa\/uniao-europeia\/detalhe\/convergencia-com-ue-tarda-apos-quase-40-anos-de-fundos\" target=\"_blank\" rel=\"tag nofollow noopener\"><b>Foram 30 anos a marcar passo<\/b>\u00a0em mat\u00e9ria de PIB per capita<\/a>&#8220;, disse.&#13;\n    <\/p>\n<p class=\"\">&#13;<br \/>\n        Apesar disso, afirmou que, <b>nos \u00faltimos anos, o PIB portugu\u00eas tem estado a crescer acima da m\u00e9dia europeia<\/b> e, nos primeiros tr\u00eas meses do ano, Portugal teve um crescimento &#8220;substancialmente acima da Zona Euro&#8221;. No primeiro trimestre deste ano, Portugal registou\u00a0um crescimento hom\u00f3logo de 2,3% em Portugal, o que compara com um crescimento de 0,3% na Zona Euro.&#13;\n    <\/p>\n<p class=\"\">&#13;<br \/>\n        Al\u00e9m do PIB per capita, a revis\u00e3o em forte alta das estimativas de popula\u00e7\u00e3o feita pelo\u00a0Instituto Nacional de Estat\u00edstica (INE), no final de junho,\u00a0<a href=\"https:\/\/www.jornaldenegocios.pt\/economia\/detalhe\/que-indicadores-vao-ser-revistos-pelo-ine-a-boleia-do-aumento-da-populacao\" target=\"_blank\" rel=\"tag nofollow noopener\">vai obrigar a rever outros indicadores econ\u00f3micos e sociais<\/a>. Segundo as novas estimativas do INE, a <a href=\"https:\/\/www.jornaldenegocios.pt\/economia\/detalhe\/populacao-revista-em-alta-para-11-4-milhoes-em-2025-mas-com-saldo-migratorio-em-queda\" target=\"_blank\" rel=\"tag nofollow noopener\">popula\u00e7\u00e3o residente em Portugal estaria em 11.424.031 indiv\u00edduos<\/a>, a 31 de dezembro de 2025, um valor acima dos cerca de 10 milh\u00f5es contabilizados anteriormente. O aumento da imigra\u00e7\u00e3o \u00e9 a principal explica\u00e7\u00e3o para esta subida.&#13;\n    <\/p>\n","protected":false},"excerpt":{"rendered":"&#13; O ministro da Economia e da Coes\u00e3o Territorial, Manuel Castro Almeida, admitiu esta quarta-feira que, com a&hellip;\n","protected":false},"author":2,"featured_media":451219,"comment_status":"","ping_status":"","sticky":false,"template":"","format":"standard","meta":{"footnotes":"","_share_on_mastodon":"0"},"categories":[10],"tags":[27,28,15,16,14,1962,25,26,21,22,11318,59487,64456,12,13,19,20,24006,72300,32,23,24,33,17,18,29,30,31],"class_list":["post-451218","post","type-post","status-publish","format-standard","has-post-thumbnail","category-portugal","tag-breaking-news","tag-breakingnews","tag-featured-news","tag-featurednews","tag-headlines","tag-instituto-nacional-de-estatistica","tag-latest-news","tag-latestnews","tag-main-news","tag-mainnews","tag-manuel-castro-almeida","tag-mil-milhoes-de-euros","tag-milhoes-de-euros","tag-news","tag-noticias","tag-noticias-principais","tag-noticiasprincipais","tag-pera","tag-peras","tag-portugal","tag-principais-noticias","tag-principaisnoticias","tag-pt","tag-top-stories","tag-topstories","tag-ultimas","tag-ultimas-noticias","tag-ultimasnoticias"],"share_on_mastodon":{"url":"","error":"Validation failed: Text character limit of 500 exceeded"},"_links":{"self":[{"href":"https:\/\/www.europesays.com\/pt\/wp-json\/wp\/v2\/posts\/451218","targetHints":{"allow":["GET"]}}],"collection":[{"href":"https:\/\/www.europesays.com\/pt\/wp-json\/wp\/v2\/posts"}],"about":[{"href":"https:\/\/www.europesays.com\/pt\/wp-json\/wp\/v2\/types\/post"}],"author":[{"embeddable":true,"href":"https:\/\/www.europesays.com\/pt\/wp-json\/wp\/v2\/users\/2"}],"replies":[{"embeddable":true,"href":"https:\/\/www.europesays.com\/pt\/wp-json\/wp\/v2\/comments?post=451218"}],"version-history":[{"count":0,"href":"https:\/\/www.europesays.com\/pt\/wp-json\/wp\/v2\/posts\/451218\/revisions"}],"wp:featuredmedia":[{"embeddable":true,"href":"https:\/\/www.europesays.com\/pt\/wp-json\/wp\/v2\/media\/451219"}],"wp:attachment":[{"href":"https:\/\/www.europesays.com\/pt\/wp-json\/wp\/v2\/media?parent=451218"}],"wp:term":[{"taxonomy":"category","embeddable":true,"href":"https:\/\/www.europesays.com\/pt\/wp-json\/wp\/v2\/categories?post=451218"},{"taxonomy":"post_tag","embeddable":true,"href":"https:\/\/www.europesays.com\/pt\/wp-json\/wp\/v2\/tags?post=451218"}],"curies":[{"name":"wp","href":"https:\/\/api.w.org\/{rel}","templated":true}]}}