{"id":451436,"date":"2026-07-15T18:07:16","date_gmt":"2026-07-15T18:07:16","guid":{"rendered":"https:\/\/www.europesays.com\/pt\/451436\/"},"modified":"2026-07-15T18:07:16","modified_gmt":"2026-07-15T18:07:16","slug":"altice-internacional-acusada-de-incumprimento-de-dois-mil-milhoes-em-dividas-telecomunicacoes","status":"publish","type":"post","link":"https:\/\/www.europesays.com\/pt\/451436\/","title":{"rendered":"Altice Internacional acusada de incumprimento de dois mil milh\u00f5es em d\u00edvidas &#8211; Telecomunica\u00e7\u00f5es"},"content":{"rendered":"<p class=\"\">&#13;<br \/>\n        Um grupo de credores da Altice Internacional, que \u00e9 detentor, no global, de oito mil milh\u00f5es de euros de d\u00edvida s\u00e9nior da empresa, enviou nesta ter\u00e7a-feira uma<b> notifica\u00e7\u00e3o de incumprimento \u00e0 gigante das telecomunica\u00e7\u00f5es<\/b>.&#13;\n    <\/p>\n<p class=\"\">&#13;<br \/>\n        A informa\u00e7\u00e3o est\u00e1 a ser avan\u00e7ada pelo jornal brit\u00e2nico <a href=\"https:\/\/www.ft.com\/content\/394c33d7-43cb-448e-97da-63fcb2c02b0b?syn-25a6b1a6=1\" target=\"_blank\" rel=\"tag nofollow noopener\">Financial Times<\/a>, que cita fontes conhecedoras do processo.&#13;\n    <\/p>\n<p class=\"\">&#13;<br \/>\n        Em causa est\u00e1, segundo a notifica\u00e7\u00e3o enviada, <b>o incumprimento relativamente ao pagamento de dois mil milh\u00f5es de euros em d\u00edvida.<\/b> O mesmo grupo de credores acusa ainda a empresa do israelita Patrick Drahi de ter feito uma s\u00e9rie de transa\u00e7\u00f5es que violam os termos do acordo do empr\u00e9stimo firmado entre as partes.&#13;\n    <\/p>\n<p class=\"\">&#13;<br \/>\n        Em fevereiro foi noticiado que o dono da Altice transferiu ativos da Altice Luxemburgo, empresa que tem uma d\u00edvida de 4,5 mil milh\u00f5es de euros \u00e0 Altice Internacional, onde est\u00e1 a opera\u00e7\u00e3o portuguesa. Ao retirar ativos da entidade no Luxemburgo, os <a href=\"https:\/\/www.jornaldenegocios.pt\/empresas\/telecomunicacoes\/detalhe\/dono-da-altice-afasta-ativos-de-milhares-de-milhoes-das-maos-dos-credores\" target=\"_self\" rel=\"tag nofollow noopener\">credores ficam sem uma das maiores garantias que Drahi tinha colocado em cima da mesa quando contraiu o empr\u00e9stimo<\/a>.&#13;\n    <\/p>\n<p class=\"\">&#13;<br \/>\n        Isto porque o empr\u00e9stimo interempresarial de 4,5 mil milh\u00f5es de euros representava 55% dos ativos da Altice Internacional no final de 2024, num momento em que os credores tinham mais de oito mil milh\u00f5es de euros em t\u00edtulos do grupo.  <b>Em dezembro de 2025, Patrick Drahi tamb\u00e9m retirou a Altice Portugal e a Altice Caribbean do alcance dos credores.<\/b>&#13;\n    <\/p>\n<p class=\"\">&#13;<br \/>\n        As mesmas fontes revelam ainda ao FT que o mesmo grupo de credores dever\u00e1 enviar a curto prazo novas notifica\u00e7\u00f5es de incumprimento relacionadas com o restante valor de d\u00edvida detido pelo coletivo.&#13;\n    <\/p>\n<p class=\"\">&#13;<br \/>\n        O jornal antecipa ainda que o envio do aviso de incumprimento <b>pode ser o primeiro passo numa longa batalha judicial entre a Altice Internacional &#8211; dona da Altice Portugal &#8211; e os seus credores<\/b>. &#13;\n    <\/p>\n<p class=\"\">&#13;<br \/>\n        A Altice tem tamb\u00e9m procedido \u00e0 venda de ativos como forma de reduzir o passivo. No in\u00edcio de junho <a href=\"https:\/\/www.jornaldenegocios.pt\/empresas\/telecomunicacoes\/detalhe\/negocio-fechado-altice-vende-francesa-sfr-por-20-4-mil-milhoes-a-concorrentes\" target=\"_self\" rel=\"tag nofollow noopener\">vendeu a francesa SFR \u00e0 concorrente Iliad num neg\u00f3cio superior a 20 mil milh\u00f5es de euros<\/a>.&#13;\n    <\/p>\n","protected":false},"excerpt":{"rendered":"&#13; Um grupo de credores da Altice Internacional, que \u00e9 detentor, no global, de oito mil milh\u00f5es de&hellip;\n","protected":false},"author":2,"featured_media":451437,"comment_status":"","ping_status":"","sticky":false,"template":"","format":"standard","meta":{"footnotes":"","_share_on_mastodon":"0"},"categories":[83],"tags":[72330,88,89,90,41634,72331,6984,59487,16648,64456,50361,32,33,50362],"class_list":["post-451436","post","type-post","status-publish","format-standard","has-post-thumbnail","category-empresas","tag-altice-portugal","tag-business","tag-economy","tag-empresas","tag-faculdade-tahirih","tag-iliad","tag-luxemburgo","tag-mil-milhoes-de-euros","tag-milhoes","tag-milhoes-de-euros","tag-patrick-drahi","tag-portugal","tag-pt","tag-sfr"],"share_on_mastodon":{"url":"https:\/\/pubeurope.com\/@pt\/116925330126545969","error":""},"_links":{"self":[{"href":"https:\/\/www.europesays.com\/pt\/wp-json\/wp\/v2\/posts\/451436","targetHints":{"allow":["GET"]}}],"collection":[{"href":"https:\/\/www.europesays.com\/pt\/wp-json\/wp\/v2\/posts"}],"about":[{"href":"https:\/\/www.europesays.com\/pt\/wp-json\/wp\/v2\/types\/post"}],"author":[{"embeddable":true,"href":"https:\/\/www.europesays.com\/pt\/wp-json\/wp\/v2\/users\/2"}],"replies":[{"embeddable":true,"href":"https:\/\/www.europesays.com\/pt\/wp-json\/wp\/v2\/comments?post=451436"}],"version-history":[{"count":0,"href":"https:\/\/www.europesays.com\/pt\/wp-json\/wp\/v2\/posts\/451436\/revisions"}],"wp:featuredmedia":[{"embeddable":true,"href":"https:\/\/www.europesays.com\/pt\/wp-json\/wp\/v2\/media\/451437"}],"wp:attachment":[{"href":"https:\/\/www.europesays.com\/pt\/wp-json\/wp\/v2\/media?parent=451436"}],"wp:term":[{"taxonomy":"category","embeddable":true,"href":"https:\/\/www.europesays.com\/pt\/wp-json\/wp\/v2\/categories?post=451436"},{"taxonomy":"post_tag","embeddable":true,"href":"https:\/\/www.europesays.com\/pt\/wp-json\/wp\/v2\/tags?post=451436"}],"curies":[{"name":"wp","href":"https:\/\/api.w.org\/{rel}","templated":true}]}}