{"id":451465,"date":"2026-07-15T18:30:34","date_gmt":"2026-07-15T18:30:34","guid":{"rendered":"https:\/\/www.europesays.com\/pt\/451465\/"},"modified":"2026-07-15T18:30:34","modified_gmt":"2026-07-15T18:30:34","slug":"sergio-figueiredo-abandona-presidencia-do-canal-televisivo-conta-la-eco","status":"publish","type":"post","link":"https:\/\/www.europesays.com\/pt\/451465\/","title":{"rendered":"S\u00e9rgio Figueiredo abandona presid\u00eancia do canal televisivo Conta L\u00e1 \u2013 ECO"},"content":{"rendered":"<p>O<strong> presidente executivo (CEO) do Conta L\u00e1<\/strong> comunicou esta quarta-feira<strong> a sua sa\u00edda<\/strong> e <strong>informou a convoca\u00e7\u00e3o at\u00e9 final do m\u00eas de uma assembleia-geral de acionistas para aprovar o plano de reestrutura\u00e7\u00e3o<\/strong>, segundo missiva a que Lusa teve acesso.<\/p>\n<p>\n\t\t\tEscolha o ECO como fonte preferida no Google\n\t\t<\/p>\n<p>\t<a class=\"preferred-source__button\" href=\"https:\/\/google.com\/preferences\/source?q=https%3A%2F%2Feco.sapo.pt%2F\" target=\"_blank\" rel=\"noopener noreferrer nofollow\"><br \/>\n\t\tEscolher<br \/>\n\t\t\u203a<br \/>\n\t<\/a><\/p>\n<p>Num e-mail enviado esta manh\u00e3 aos trabalhadores, antes de um plen\u00e1rio, S\u00e9rgio Figueiredo avan\u00e7ou que \u201cainda este m\u00eas ser\u00e1 convocada uma assembleia-geral de acionistas para aprovar o plano de reestrutura\u00e7\u00e3o e <strong>nomear uma nova Comiss\u00e3o de Gest\u00e3o, que passar\u00e1 a assumir a condu\u00e7\u00e3o executiva do Conta L\u00e1\u201d.<\/strong><\/p>\n<p>&#13;<br \/>\n\t\t\t\t&#13;<br \/>\n\t\t\t\t\t<a href=\"https:\/\/eco.sapo.pt\/2026\/06\/27\/canal-conta-la-manda-trabalhadores-para-lay-off\/\" rel=\"nofollow noopener\" target=\"_blank\">&#13;<\/p>\n<p class=\"info-card__intro\">Canal Conta L\u00e1 manda trabalhadores para \u2018lay-off\u201d<\/p>\n<p>\t\t\t\t\t\t&#13;<br \/>\n\t\t\t\t\t<\/a>&#13;<br \/>\n\t\t\t\t&#13;<br \/>\n\t\t\t&#13;<br \/>\n&#13;<\/p>\n<p>No final de junho foi noticiado que <strong>o canal de televis\u00e3o<\/strong>, que era transmitido no cabo desde o ano passado,<strong> iria recorrer \u00e0 suspens\u00e3o tempor\u00e1ria dos contratos de trabalho ou redu\u00e7\u00e3o do hor\u00e1rio (\u2018lay-off\u2019), numa reestrutura\u00e7\u00e3o para reduzir custos<\/strong>, perante um cen\u00e1rio de sal\u00e1rios em atraso.<\/p>\n<p>\u201c<strong>Sei que nada disto paga o que vos \u00e9 devido \u2014 e \u00e9 a essa d\u00edvida que a nova Comiss\u00e3o de Gest\u00e3o dever\u00e1 responder primeiro.<\/strong> Resta-me somar a essa ang\u00fastia o peso de saber que se podia ter feito mais. Come\u00e7ar com a confian\u00e7a de quem nos segue \u00e9 das sensa\u00e7\u00f5es mais extraordin\u00e1rias da realiza\u00e7\u00e3o humana, acabar com a incapacidade de responder ao desespero de quem nos olha \u00e0 espera de respostas, \u00e9 uma desgra\u00e7a que n\u00e3o desejo a ningu\u00e9m. Tornou-se insuport\u00e1vel viver sem respostas\u201d, refere S\u00e9rgio Figueiredo. \u201c<strong>N\u00e3o \u00e9 o fim do projeto, \u00e9 simplesmente o meu fim nele<\/strong>\u201c, acrescenta o jornalista.<\/p>\n<p><strong>Atualmente, o projeto dever\u00e1 contar com cerca de 100 pessoas, dos quais 40 jornalistas<\/strong>, de acordo com uma fonte da empresa. \u201c<strong>Espero que, com a chegada de novos acionistas, surjam novos l\u00edderes<\/strong>, gente de energia renovada e enorme vontade de afirmar um projeto que, depois de religado, ter\u00e1 finalmente os meios que precisa para acelerar investimentos e cumprir o seu prop\u00f3sito \u2014 na verdade, novos prop\u00f3sitos que ainda podem torn\u00e1-lo maior do que foi sonhado\u201d.<\/p>\n<p>&#13;<br \/>\n\t\t\t\t&#13;<br \/>\n\t\t\t\t\t<a href=\"https:\/\/eco.sapo.pt\/2025\/09\/03\/erc-autoriza-canais-conta-la-do-projeto-de-sergio-figueiredo-que-ira-criar-205-empregos\/\" rel=\"nofollow noopener\" target=\"_blank\">&#13;<\/p>\n<p class=\"info-card__intro\">ERC autoriza canais Conta L\u00e1 do projeto de S\u00e9rgio Figueiredo<\/p>\n<p>\t\t\t\t\t\t&#13;<br \/>\n\t\t\t\t\t<\/a>&#13;<br \/>\n\t\t\t\t&#13;<br \/>\n\t\t\t&#13;<br \/>\n&#13;<\/p>\n<p>\u201c<strong>Esta Comiss\u00e3o Executiva<\/strong>, composta por Maur\u00edcio Ribeiro, por Jorge Santos e por mim pr\u00f3prio,<strong> sai de cena no dia em que a assembleia-geral de acionistas aprovar este Plano e a Comiss\u00e3o de Gest\u00e3o<\/strong> \u2014 algo que, devido aos prazos legais e estatut\u00e1rios da empresa, dever\u00e1 ocorrer no fim deste m\u00eas\u201d, sublinha <strong>S\u00e9rgio Figueiredo, que assume a parte de responsabilidade \u201cnesta hora de tremenda frustra\u00e7\u00e3o\u201d,<\/strong> que classifica \u201cquase t\u00e3o pesada quanto a desilus\u00e3o\u201d que provoca nos trabalhadores.<\/p>\n<p>Na carta, S\u00e9rgio Figueiredo relata que entrou no projeto \u201ccom a for\u00e7a de quem sonha transformar o mundo\u201d e por um ano tentou mostrar \u201cque \u00e9 poss\u00edvel conseguir o imposs\u00edvel\u201d. Contudo, \u201cforam escassos 12 meses, que \u00e9 t\u00e3o pouco para o muito que fizemos, mas que ficaram t\u00e3o pesados e escuros, quando terminam vergados ao peso de um fim\u201d, refere, manifestando-se frustrado por ter chegado \u201ca este ponto sem respostas\u201d.<\/p>\n<p>Apesar do trabalho \u201cextraordin\u00e1rio\u201d com uma \u201cequipa extraordin\u00e1ria\u201d, que \u201cn\u00e3o caiu do c\u00e9u\u201d, tal n\u00e3o bastou e nunca houve ilus\u00e3o que \u201cfazer bem seria o suficiente\u201d, diz. Recorda que disse v\u00e1rias vezes que \u201ca prioridade\u201d era \u201cgarantir estabilidade acionista, construir capacidade de gest\u00e3o e fazer um projeto que nunca ningu\u00e9m fez\u201d, por esta ordem, lamenta.<\/p>\n<p>&#13;<br \/>\n\t\t\t\t&#13;<br \/>\n\t\t\t\t\t<a href=\"https:\/\/eco.sapo.pt\/2025\/06\/17\/sergio-figueiredo-regressa-ao-jornalismo-conta-la-quer-juntar-televisao-digital-e-eventos\/\" rel=\"nofollow noopener\" target=\"_blank\">&#13;<\/p>\n<p class=\"info-card__intro\">S\u00e9rgio Figueiredo vai lan\u00e7ar novo projeto de media<\/p>\n<p>\t\t\t\t\t\t&#13;<br \/>\n\t\t\t\t\t<\/a>&#13;<br \/>\n\t\t\t\t&#13;<br \/>\n\t\t\t&#13;<br \/>\n&#13;<\/p>\n<p>Assevera, na carta, que <strong>\u201ctudo o que estava ao (\u2026) alcance foi feito para trazer o capital necess\u00e1rio\u201d<\/strong>, salienta. \u201c<strong>N\u00e3o gast\u00e1mos mais que o previsto, conseguimos foi menos do que precis\u00e1vamos\u201d<\/strong>, com \u201cazares e canalhices pelo meio: investimentos contratualizados connosco que nunca chegaram a ser realizados, contratos assinados que n\u00e3o foram cumpridos. Falhei, mas tamb\u00e9m me falharam. Quando nos falham com a palavra dada, n\u00e3o h\u00e1 gest\u00e3o danosa: ficam s\u00f3 os danos dos quais nunca mais nos recompusemos\u201d, elenca.<\/p>\n<p>Depois, <strong>\u201cna segunda prioridade, nem tudo correu bem na forma\u00e7\u00e3o de equipas\u201d<\/strong>, uma vez que \u201cpessoas provavelmente certas ocuparam cargos errados\u201d. Isso foi \u201cmais uma agravante de instabilidade para um projeto que j\u00e1 sofria de subcapitaliza\u00e7\u00e3o\u201d, diz.<\/p>\n<p>\u201cDo exerc\u00edcio de transpar\u00eancia que sempre procurei fazer convosco, a partilha da verdade degenerou, nalguns momentos, em fugas de informa\u00e7\u00e3o que deram origem a not\u00edcias falsas e maldosas, que deturparam deliberadamente a nossa realidade\u201d, sublinha S\u00e9rgio Figueiredo. E uma realidade \u201cque j\u00e1 era dif\u00edcil ficou pior e gerou-se \u00e0 nossa volta uma crise de confian\u00e7a que escalou vertiginosamente junto de quem era mais cr\u00edtico para a nossa viabilidade: fornecedores, investidores, autarcas e a banca\u201d, aponta.<\/p>\n<p>\u201cVirados para o futuro, resta desejar que n\u00e3o falte esse ch\u00e3o na caminhada \u00fanica que o Conta L\u00e1 ainda tem para percorrer\u201d, remata.<\/p>\n<p><strong>Trabalhadores do Conta L\u00e1 pedem esclarecimentos sobre situa\u00e7\u00e3o da empresa<\/strong><\/p>\n<p><strong>O plen\u00e1rio de trabalhadores do projeto de media Conta L\u00e1 aprovou esta quarta-feira um pedido de esclarecimento sobre a situa\u00e7\u00e3o da empresa,<\/strong> j\u00e1 que os trabalhadores est\u00e3o com dois meses de sal\u00e1rios em atraso, disse \u00e0 Lusa fonte laboral.<\/p>\n<p>De acordo com a mesma fonte, <strong>estiveram presentes no plen\u00e1rio \u201cdois ter\u00e7os\u201d dos trabalhadores,<\/strong> que neste momento rondam \u00e0 volta de 100, dos quais cerca de 40 s\u00e3o jornalistas.<\/p>\n<p><strong>Os trabalhadores do projeto de media Conta L\u00e1, que est\u00e1 dispon\u00edvel no cabo, est\u00e3o quase h\u00e1 tr\u00eas meses sem receber sal\u00e1rios e subs\u00eddios de f\u00e9rias<\/strong>. Ou seja, se em julho n\u00e3o forem pagos os sal\u00e1rios, entram no terceiro m\u00eas de incumprimento. Segundo a mesma fonte, <strong>os trabalhadores que ganhavam menos, cerca de 30, ainda receberam o sal\u00e1rio em maio, mas sem subs\u00eddio de refei\u00e7\u00e3o<\/strong>.<\/p>\n<p>Em 3 de julho, <strong>o Sindicato dos Jornalistas (SJ) considerou inaceit\u00e1vel que o Conta L\u00e1 n\u00e3o estivesse a assegurar o vencimento de todos os trabalhadore<\/strong>s e pediu uma posi\u00e7\u00e3o clara e transparente da empresa.<\/p>\n<p><strong>A estrutura sindical pediu com urg\u00eancia uma posi\u00e7\u00e3o clara e transparente da empresa para com os seus trabalhadores<\/strong> e considerou ser inaceit\u00e1vel que o Conta L\u00e1 n\u00e3o esteja a cumprir com a obriga\u00e7\u00e3o b\u00e1sica de assegurar os vencimentos.<\/p>\n<p>O Conta L\u00e1 \u00e9 um canal de televis\u00e3o por cabo, com uma programa\u00e7\u00e3o direcionada para as regi\u00f5es e jornalismo de proximidade.<\/p>\n<p>H\u00e1 quase um ano, a Entidade Reguladora para a Comunica\u00e7\u00e3o Social (ERC) autorizou atividade dos canais Conta L\u00e1 Sul, Conta L\u00e1 Centro e Conta L\u00e1 Norte e ainda do Conta L\u00e1 Rural, do projeto liderado por S\u00e9rgio Figueiredo, o qual previa a cria\u00e7\u00e3o de 205 postos de trabalho, sendo 133 afetos \u00e0 \u00e1rea de informa\u00e7\u00e3o, 28 na \u00e1rea de programas e produtora e os restantes 44 em \u00e1reas de apoio t\u00e9cnico, gest\u00e3o, RH, financeiro, comercial e jur\u00eddico.<\/p>\n<p>Profissionais que seriam distribu\u00eddos de forma estrat\u00e9gica por \u00e1reas profissionais e localiza\u00e7\u00f5es geogr\u00e1ficas [de norte a sul do pa\u00eds, incluindo ilhas, com v\u00e1rios polos regionais], assegurando, assim, uma cobertura operacional eficiente e descentralizada.<\/p>\n<p>Em agosto, a Lusa noticiava que Ana Sofia Vinhas regressava ao jornalismo 17 anos depois, com o novo projeto Conta L\u00e1 e que iria integrar a opera\u00e7\u00e3o especial aut\u00e1rquicas.<\/p>\n<p>\u00a0<\/p>\n","protected":false},"excerpt":{"rendered":"O presidente executivo (CEO) do Conta L\u00e1 comunicou esta quarta-feira a sua sa\u00edda e informou a convoca\u00e7\u00e3o at\u00e9&hellip;\n","protected":false},"author":2,"featured_media":451466,"comment_status":"","ping_status":"","sticky":false,"template":"","format":"standard","meta":{"footnotes":"","_share_on_mastodon":"0"},"categories":[142],"tags":[1484,114,115,715,1229,22994,32,33,218,151],"class_list":["post-451465","post","type-post","status-publish","format-standard","has-post-thumbnail","category-tv","tag-m","tag-entertainment","tag-entretenimento","tag-media","tag-negocios-m","tag-pessoas-m","tag-portugal","tag-pt","tag-televisao","tag-tv"],"share_on_mastodon":{"url":"https:\/\/pubeurope.com\/@pt\/116925420629859021","error":""},"_links":{"self":[{"href":"https:\/\/www.europesays.com\/pt\/wp-json\/wp\/v2\/posts\/451465","targetHints":{"allow":["GET"]}}],"collection":[{"href":"https:\/\/www.europesays.com\/pt\/wp-json\/wp\/v2\/posts"}],"about":[{"href":"https:\/\/www.europesays.com\/pt\/wp-json\/wp\/v2\/types\/post"}],"author":[{"embeddable":true,"href":"https:\/\/www.europesays.com\/pt\/wp-json\/wp\/v2\/users\/2"}],"replies":[{"embeddable":true,"href":"https:\/\/www.europesays.com\/pt\/wp-json\/wp\/v2\/comments?post=451465"}],"version-history":[{"count":0,"href":"https:\/\/www.europesays.com\/pt\/wp-json\/wp\/v2\/posts\/451465\/revisions"}],"wp:featuredmedia":[{"embeddable":true,"href":"https:\/\/www.europesays.com\/pt\/wp-json\/wp\/v2\/media\/451466"}],"wp:attachment":[{"href":"https:\/\/www.europesays.com\/pt\/wp-json\/wp\/v2\/media?parent=451465"}],"wp:term":[{"taxonomy":"category","embeddable":true,"href":"https:\/\/www.europesays.com\/pt\/wp-json\/wp\/v2\/categories?post=451465"},{"taxonomy":"post_tag","embeddable":true,"href":"https:\/\/www.europesays.com\/pt\/wp-json\/wp\/v2\/tags?post=451465"}],"curies":[{"name":"wp","href":"https:\/\/api.w.org\/{rel}","templated":true}]}}