{"id":451833,"date":"2026-07-16T01:17:20","date_gmt":"2026-07-16T01:17:20","guid":{"rendered":"https:\/\/www.europesays.com\/pt\/451833\/"},"modified":"2026-07-16T01:17:20","modified_gmt":"2026-07-16T01:17:20","slug":"lidl-lanca-escova-de-ar-quente-estilo-dyson-ao-preco-mais-baixo-de-sempre-so-esta-semana","status":"publish","type":"post","link":"https:\/\/www.europesays.com\/pt\/451833\/","title":{"rendered":"Lidl lan\u00e7a escova de ar quente (estilo Dyson) ao pre\u00e7o mais baixo de sempre (s\u00f3 esta semana)"},"content":{"rendered":"<p>Uma escova de ar quente custa normalmente entre 80\u20ac e mais de 300\u20ac nas marcas mais conhecidas do mercado, como a Dyson.<\/p>\n<p>Assim sendo, para quem quer alisar ou modelar o cabelo em casa sem gastar uma pequena fortuna, \u00e9 d\u00edficil. Por isso essa diferen\u00e7a de pre\u00e7o pode ser o principal obst\u00e1culo a experimentar este tipo de aparelho. At\u00e9 agora, com o <a href=\"https:\/\/www.lidl.pt\/\" target=\"_blank\" rel=\"noopener nofollow\">novo produto<\/a> do Lidl.<\/p>\n<p>Quanto custa a escova de ar quente do Lidl?<br \/>\n<img loading=\"lazy\" decoding=\"async\" class=\"size-full wp-image-776434\" src=\"https:\/\/www.europesays.com\/pt\/wp-content\/uploads\/2026\/07\/lidl-escova-de-ar-quente-dyson.webp\" alt=\"lidl escova de ar quente dyson\" width=\"728\" height=\"1189\"  \/>\u00a9 Lidl<\/p>\n<p>\u00c9 essa barreira que a Lidl vem quebrar esta semana, com a escova de ar quente Cien Beauty a 7,99\u20ac, menos 2\u20ac face ao pre\u00e7o praticado em 2025. O aparelho, de 300W, promete um resultado semelhante ao das escovas de gama alta, mas a uma fra\u00e7\u00e3o do <a href=\"https:\/\/www.magazine-hd.com\/apps\/wp\/lidl-resolve-problema-das-garrafas-volta-preco-mais-baixo-sempre\/\" target=\"_blank\" rel=\"noopener nofollow\">investimento<\/a>.<\/p>\n<p>Quais s\u00e3o as especifica\u00e7\u00f5es?<\/p>\n<p>A escova tem duas defini\u00e7\u00f5es de temperatura, permitindo adaptar o calor ao tipo e \u00e0 espessura do cabelo, e combina a fun\u00e7\u00e3o de secar com a de pentear num \u00fanico gesto.<\/p>\n<p>O cabo girat\u00f3rio a 360\u00b0 \u00e9 outro dos destaques, garantindo maior liberdade de movimento durante a utiliza\u00e7\u00e3o, um pormenor que costuma pesar bastante na experi\u00eancia deste tipo de produto. Al\u00e9m disso, tem ainda argola para pendurar, facilitando a arruma\u00e7\u00e3o na casa de banho.<\/p>\n<p>            <img decoding=\"async\" src=\"https:\/\/www.europesays.com\/pt\/wp-content\/uploads\/2026\/07\/supergirl.jpg\" alt=\"Supergirl\"\/><\/p>\n<p>Para quem \u00e9 esta escova?<\/p>\n<p>O <a href=\"https:\/\/www.magazine-hd.com\/apps\/wp\/lidl-lanca-maquina-sumos-preco-mais-baixo-sempre\/\" target=\"_blank\" rel=\"noopener nofollow\">produto<\/a> est\u00e1 indicado sobretudo para quem procura uma alternativa econ\u00f3mica \u00e0s escovas de ar quente de marcas premium, como a Dyson, sem necessidade de v\u00e1rias temperaturas ou acess\u00f3rios intercambi\u00e1veis.<\/p>\n<p>N\u00e3o \u00e9 um substituto direto dos modelos mais sofisticados do mercado, mas cumpre a fun\u00e7\u00e3o b\u00e1sica de secar e modelar o cabelo num \u00fanico passo.<\/p>\n<p>A promo\u00e7\u00e3o insere-se na sec\u00e7\u00e3o \u201cOportunidade da Semana\u201d da Lidl, o que significa que o pre\u00e7o reduzido tem validade limitada e o stock tende a esgotar rapidamente nas lojas f\u00edsicas. Quem j\u00e1 usa este tipo de produto sabe que, nesta gama de pre\u00e7o, a procura costuma ser elevada logo nos primeiros dias.<\/p>\n","protected":false},"excerpt":{"rendered":"Uma escova de ar quente custa normalmente entre 80\u20ac e mais de 300\u20ac nas marcas mais conhecidas do&hellip;\n","protected":false},"author":2,"featured_media":451834,"comment_status":"","ping_status":"","sticky":false,"template":"","format":"standard","meta":{"footnotes":"","_share_on_mastodon":"0"},"categories":[85],"tags":[16690,114,115,72448,72449,6513,635,68513,32,33],"class_list":["post-451833","post","type-post","status-publish","format-standard","has-post-thumbnail","category-entretenimento","tag-dyson","tag-entertainment","tag-entretenimento","tag-escova","tag-escova-de-ar-quente","tag-lidl","tag-novidade","tag-pechincha","tag-portugal","tag-pt"],"share_on_mastodon":{"url":"https:\/\/pubeurope.com\/@pt\/116927021343722271","error":""},"_links":{"self":[{"href":"https:\/\/www.europesays.com\/pt\/wp-json\/wp\/v2\/posts\/451833","targetHints":{"allow":["GET"]}}],"collection":[{"href":"https:\/\/www.europesays.com\/pt\/wp-json\/wp\/v2\/posts"}],"about":[{"href":"https:\/\/www.europesays.com\/pt\/wp-json\/wp\/v2\/types\/post"}],"author":[{"embeddable":true,"href":"https:\/\/www.europesays.com\/pt\/wp-json\/wp\/v2\/users\/2"}],"replies":[{"embeddable":true,"href":"https:\/\/www.europesays.com\/pt\/wp-json\/wp\/v2\/comments?post=451833"}],"version-history":[{"count":0,"href":"https:\/\/www.europesays.com\/pt\/wp-json\/wp\/v2\/posts\/451833\/revisions"}],"wp:featuredmedia":[{"embeddable":true,"href":"https:\/\/www.europesays.com\/pt\/wp-json\/wp\/v2\/media\/451834"}],"wp:attachment":[{"href":"https:\/\/www.europesays.com\/pt\/wp-json\/wp\/v2\/media?parent=451833"}],"wp:term":[{"taxonomy":"category","embeddable":true,"href":"https:\/\/www.europesays.com\/pt\/wp-json\/wp\/v2\/categories?post=451833"},{"taxonomy":"post_tag","embeddable":true,"href":"https:\/\/www.europesays.com\/pt\/wp-json\/wp\/v2\/tags?post=451833"}],"curies":[{"name":"wp","href":"https:\/\/api.w.org\/{rel}","templated":true}]}}