{"id":451972,"date":"2026-07-16T07:33:13","date_gmt":"2026-07-16T07:33:13","guid":{"rendered":"https:\/\/www.europesays.com\/pt\/451972\/"},"modified":"2026-07-16T07:33:13","modified_gmt":"2026-07-16T07:33:13","slug":"relaxante-muscular-riscos-vao-de-sonolencia-a-quedas-16-07-2026-equilibrio-e-saude","status":"publish","type":"post","link":"https:\/\/www.europesays.com\/pt\/451972\/","title":{"rendered":"Relaxante muscular: riscos v\u00e3o de sonol\u00eancia a quedas &#8211; 16\/07\/2026 &#8211; Equil\u00edbrio e Sa\u00fade"},"content":{"rendered":"<p>Ap\u00f3s um dia de trabalho, quando o <a href=\"https:\/\/www1.folha.uol.com.br\/equilibrio\/2023\/12\/saiba-quais-sao-os-melhores-exercicios-para-prevenir-dor-no-pescoco.shtml\" rel=\"nofollow noopener\" target=\"\">pesco\u00e7o<\/a> ou a <a href=\"https:\/\/www1.folha.uol.com.br\/equilibrio\/2025\/03\/estudo-indica-que-nao-ha-muito-o-que-se-fazer-pela-dor-lombar.shtml\" rel=\"nofollow noopener\" target=\"\">lombar<\/a> come\u00e7am a incomodar, a resposta imediata costuma ser alcan\u00e7ar o <a href=\"https:\/\/www1.folha.uol.com.br\/equilibrio\/2024\/06\/saiba-como-aliviar-a-dor-causada-por-nos-musculares.shtml\" rel=\"nofollow noopener\" target=\"\">rem\u00e9dio relaxante muscular<\/a> mais pr\u00f3ximo. Isso tamb\u00e9m acontece ap\u00f3s um treino mais pesado na academia ou uma m\u00e1 noite de <a href=\"https:\/\/www1.folha.uol.com.br\/folha-topicos\/sono\/\" rel=\"nofollow noopener\" target=\"\">sono<\/a>, mas o h\u00e1bito oferece mais riscos do que se imagina.<\/p>\n<p>Segundo especialistas, o problema envolve desde <a href=\"https:\/\/www1.folha.uol.com.br\/equilibrio\/2025\/01\/sonolencia-diurna-pode-sinalizar-risco-de-perda-cognitiva-em-idosos.shtml\" rel=\"nofollow noopener\" target=\"\">sonol\u00eancia<\/a> e <a href=\"https:\/\/www1.folha.uol.com.br\/equilibrioesaude\/2026\/03\/por-que-medicos-passaram-a-defender-controle-mais-rigoroso-da-pressao-em-idosos.shtml\" rel=\"nofollow noopener\" target=\"\">queda de press\u00e3o<\/a> at\u00e9 a possibilidade de mascarar uma les\u00e3o que precisaria de outro tratamento.<\/p>\n<p>Os relaxantes musculares n\u00e3o agem diretamente no m\u00fasculo que d\u00f3i. Eles atuam no sistema nervoso central, bloqueando os neurotransmissores respons\u00e1veis pela tens\u00e3o da fibra muscular, explica a cardiologista Ligia Trevizan, do Hospital Municipal M&#8217;Boi Mirim, gerido pelo Einstein.<\/p>\n<p>\u00c9 esse mecanismo que explica a sonol\u00eancia, a lentid\u00e3o e a redu\u00e7\u00e3o dos reflexos associados ao medicamento. O efeito est\u00e1 relacionado ao maior risco de <a href=\"https:\/\/www1.folha.uol.com.br\/folha-topicos\/acidente-de-transito\/\" rel=\"nofollow noopener\" target=\"\">acidentes de tr\u00e2nsito<\/a> e de trabalho.<\/p>\n<p>&#8220;Pode diminuir reflexo e coordena\u00e7\u00e3o, e isso aumenta o risco de a pessoa prender a m\u00e3o numa prensa, por exemplo&#8221;, diz o ortopedista Jo\u00e3o Polydoro, do Hospital Alem\u00e3o Oswaldo Cruz.<\/p>\n<p>Al\u00e9m disso, o rem\u00e9dio trata o sintoma e n\u00e3o a causa, afirma o m\u00e9dico, o que \u00e9 um perigo porque pode mascarar uma h\u00e9rnia de disco, uma compress\u00e3o nervosa ou uma inflama\u00e7\u00e3o de tend\u00e3o.<\/p>\n<p>Pacientes com problemas renais, card\u00edacos e no f\u00edgado devem ter ainda mais cuidado com a automedica\u00e7\u00e3o, dizem os especialistas.<\/p>\n<p>O f\u00edgado e os rins s\u00e3o respons\u00e1veis por metabolizar e eliminar o rem\u00e9dio, e problemas nesses \u00f3rg\u00e3os podem potencializar seu efeito, segundo Trevizan. O relaxante tamb\u00e9m pode descompensar uma arritmia j\u00e1 existente ou interagir com rem\u00e9dios card\u00edacos, diz Polydoro.<\/p>\n<p>A queda de press\u00e3o e tontura, acompanhadas da sonol\u00eancia, s\u00e3o perigosas principalmente para idosos, segundo os especialistas, uma vez que podem ocasionar queda.<\/p>\n<p>J\u00e1 pacientes que utilizam rem\u00e9dios para depress\u00e3o, opioides e benzodiazep\u00ednicos devem ficar atentos.<\/p>\n<p>A combina\u00e7\u00e3o pode aumentar a seda\u00e7\u00e3o e deprimir ainda mais o sistema nervoso central.<\/p>\n<p>&#8220;Cada organismo metaboliza o rem\u00e9dio de um jeito, sobretudo quando h\u00e1 outras medica\u00e7\u00f5es em uso. Por isso, a intera\u00e7\u00e3o medicamentosa deve ser avaliada antes de qualquer prescri\u00e7\u00e3o&#8221;, diz a cardiologista Trevizan.<\/p>\n<p>O que fazer em vez de se automedicar<\/p>\n<p>Os especialistas oferecem outras formas de se cuidar antes de recorrer ao rem\u00e9dio sem prescri\u00e7\u00e3o. O primeiro passo \u00e9 tratar a causa da dor, n\u00e3o apenas o sintoma, afirma Trevizan. Esse \u00e9 o \u00fanico jeito de individualizar o tratamento para cada paciente.<\/p>\n<p>Um exerc\u00edcio orientado para fortalecer a musculatura pode ser indicado em casos de dor cr\u00f4nica nas costas, a depender da causa identificada. A fisioterapia, diz Polydoro, tem resultados comprovados para dores cervicais e lombares.<\/p>\n<p>O ortopedista recomenda ainda a preven\u00e7\u00e3o da dor. Ajustes no ambiente de trabalho, como altura da tela do computador, cadeira adequada e apoio para as costas podem ajudar. Pausas de 15 minutos a cada duas horas para alongamento tamb\u00e9m reduzem a sobrecarga muscular.<\/p>\n<p>Compressas de calor local s\u00e3o outra medida n\u00e3o medicamentosa que pode aliviar o desconforto, segundo o ortopedista.<\/p>\n<p>Para quem sente dor ap\u00f3s exerc\u00edcios f\u00edsicos, ele recomenda avaliar se h\u00e1 excesso de carga ou t\u00e9cnica inadequada, e n\u00e3o apenas recorrer ao rem\u00e9dio.<\/p>\n<p>&#8220;\u00c9 importante saber que o relaxante muscular geralmente n\u00e3o \u00e9 para tomar sempre. Ele \u00e9 um tratamento de curto prazo. E se a dor fica sempre ali e est\u00e1 recorrente, \u00e9 mais importante saber qual \u00e9 a causa em vez de passar a depender de um rem\u00e9dio que alivia o sintoma&#8221;, diz Polydoro.<\/p>\n","protected":false},"excerpt":{"rendered":"Ap\u00f3s um dia de trabalho, quando o pesco\u00e7o ou a lombar come\u00e7am a incomodar, a resposta imediata costuma&hellip;\n","protected":false},"author":2,"featured_media":451973,"comment_status":"","ping_status":"","sticky":false,"template":"","format":"standard","meta":{"footnotes":"","_share_on_mastodon":"0"},"categories":[86],"tags":[1031,3570,1029,5474,21448,236,116,3083,1208,32,33,72470,2418,117],"class_list":["post-451972","post","type-post","status-publish","format-standard","has-post-thumbnail","category-saude","tag-autocuidado","tag-corpo","tag-cuide-se","tag-dor","tag-dor-lombar","tag-folha","tag-health","tag-medicamentos","tag-medicina","tag-portugal","tag-pt","tag-relaxante-muscular","tag-remedios","tag-saude"],"share_on_mastodon":{"url":"https:\/\/pubeurope.com\/@pt\/116928499104255511","error":""},"_links":{"self":[{"href":"https:\/\/www.europesays.com\/pt\/wp-json\/wp\/v2\/posts\/451972","targetHints":{"allow":["GET"]}}],"collection":[{"href":"https:\/\/www.europesays.com\/pt\/wp-json\/wp\/v2\/posts"}],"about":[{"href":"https:\/\/www.europesays.com\/pt\/wp-json\/wp\/v2\/types\/post"}],"author":[{"embeddable":true,"href":"https:\/\/www.europesays.com\/pt\/wp-json\/wp\/v2\/users\/2"}],"replies":[{"embeddable":true,"href":"https:\/\/www.europesays.com\/pt\/wp-json\/wp\/v2\/comments?post=451972"}],"version-history":[{"count":0,"href":"https:\/\/www.europesays.com\/pt\/wp-json\/wp\/v2\/posts\/451972\/revisions"}],"wp:featuredmedia":[{"embeddable":true,"href":"https:\/\/www.europesays.com\/pt\/wp-json\/wp\/v2\/media\/451973"}],"wp:attachment":[{"href":"https:\/\/www.europesays.com\/pt\/wp-json\/wp\/v2\/media?parent=451972"}],"wp:term":[{"taxonomy":"category","embeddable":true,"href":"https:\/\/www.europesays.com\/pt\/wp-json\/wp\/v2\/categories?post=451972"},{"taxonomy":"post_tag","embeddable":true,"href":"https:\/\/www.europesays.com\/pt\/wp-json\/wp\/v2\/tags?post=451972"}],"curies":[{"name":"wp","href":"https:\/\/api.w.org\/{rel}","templated":true}]}}