{"id":452063,"date":"2026-07-16T09:51:22","date_gmt":"2026-07-16T09:51:22","guid":{"rendered":"https:\/\/www.europesays.com\/pt\/452063\/"},"modified":"2026-07-16T09:51:22","modified_gmt":"2026-07-16T09:51:22","slug":"assista-a-integra-do-jornal-da-record-15","status":"publish","type":"post","link":"https:\/\/www.europesays.com\/pt\/452063\/","title":{"rendered":"Assista \u00e0 \u00edntegra do Jornal da Record"},"content":{"rendered":"<p class=\"jarvics:base-text-neutral-high-400 xovem:base-text-dark-high-400 base-text-[calc(theme(fontSize.xs)_*_var(--font-size,_1))] base-font-normal base-font-primary base-text-neutral-low-500 base-text-left\">Confira na edi\u00e7\u00e3o do Jornal da Record desta quarta-feira (15): Investiga\u00e7\u00e3o encontra elo entre a rede de financiamento e terroristas. Brasil espera an\u00fancio de novo tarifa\u00e7o dos EUA. Governo federal e Congresso fecham acordo para renegociar d\u00edvidas de agricultores. Sete anos ap\u00f3s vazamento de petr\u00f3leo, pescadores afetados na costa brasileira seguem sem indeniza\u00e7\u00e3o. O JR mostra como objetos comuns dentro de casa podem prejudicar o sinal do seu wi-fi.<\/p>\n","protected":false},"excerpt":{"rendered":"Confira na edi\u00e7\u00e3o do Jornal da Record desta quarta-feira (15): Investiga\u00e7\u00e3o encontra elo entre a rede de financiamento&hellip;\n","protected":false},"author":2,"featured_media":452064,"comment_status":"","ping_status":"","sticky":false,"template":"","format":"standard","meta":{"footnotes":"","_share_on_mastodon":"0"},"categories":[142],"tags":[72480,114,115,43806,4286,32,33,151],"class_list":["post-452063","post","type-post","status-publish","format-standard","has-post-thumbnail","category-tv","tag-15-07-2026","tag-entertainment","tag-entretenimento","tag-integra","tag-jornal-da-record","tag-portugal","tag-pt","tag-tv"],"share_on_mastodon":{"url":"https:\/\/pubeurope.com\/@pt\/116929041966558375","error":""},"_links":{"self":[{"href":"https:\/\/www.europesays.com\/pt\/wp-json\/wp\/v2\/posts\/452063","targetHints":{"allow":["GET"]}}],"collection":[{"href":"https:\/\/www.europesays.com\/pt\/wp-json\/wp\/v2\/posts"}],"about":[{"href":"https:\/\/www.europesays.com\/pt\/wp-json\/wp\/v2\/types\/post"}],"author":[{"embeddable":true,"href":"https:\/\/www.europesays.com\/pt\/wp-json\/wp\/v2\/users\/2"}],"replies":[{"embeddable":true,"href":"https:\/\/www.europesays.com\/pt\/wp-json\/wp\/v2\/comments?post=452063"}],"version-history":[{"count":0,"href":"https:\/\/www.europesays.com\/pt\/wp-json\/wp\/v2\/posts\/452063\/revisions"}],"wp:featuredmedia":[{"embeddable":true,"href":"https:\/\/www.europesays.com\/pt\/wp-json\/wp\/v2\/media\/452064"}],"wp:attachment":[{"href":"https:\/\/www.europesays.com\/pt\/wp-json\/wp\/v2\/media?parent=452063"}],"wp:term":[{"taxonomy":"category","embeddable":true,"href":"https:\/\/www.europesays.com\/pt\/wp-json\/wp\/v2\/categories?post=452063"},{"taxonomy":"post_tag","embeddable":true,"href":"https:\/\/www.europesays.com\/pt\/wp-json\/wp\/v2\/tags?post=452063"}],"curies":[{"name":"wp","href":"https:\/\/api.w.org\/{rel}","templated":true}]}}