{"id":452110,"date":"2026-07-16T10:35:44","date_gmt":"2026-07-16T10:35:44","guid":{"rendered":"https:\/\/www.europesays.com\/pt\/452110\/"},"modified":"2026-07-16T10:35:44","modified_gmt":"2026-07-16T10:35:44","slug":"globonews-tera-novo-telejornal-e-programacao-reformulada","status":"publish","type":"post","link":"https:\/\/www.europesays.com\/pt\/452110\/","title":{"rendered":"GloboNews ter\u00e1 novo telejornal e programa\u00e7\u00e3o reformulada"},"content":{"rendered":"<p>Estreia na manh\u00e3 de 3\/8 o programa GloboNews Radar, das 8h30 \u00e0s 11 horas. Ser\u00e1 apresentado ao vivo por <strong>Camila Bomfim<\/strong>, que est\u00e1 no Conex\u00e3o GloboNews, programa mantido na grade, por\u00e9m com menor dura\u00e7\u00e3o. Gerado do Rio, Radar acompanhar\u00e1 os acontecimentos do dia, com foco no que for mais relevante para quem come\u00e7a a rotina. De S\u00e3o Paulo, <strong>Fernando Nakagawa<\/strong> responder\u00e1 por an\u00e1lises econ\u00f4micas.<\/p>\n<p>Como parte das celebra\u00e7\u00f5es de seus 30 anos, a GloboNews reformou o est\u00fadio e reorganizou a programa\u00e7\u00e3o. O programa Em ponto, com <strong>M\u00f4nica Waldvogel<\/strong> e <strong>Victor Boyadjian<\/strong>, come\u00e7ar\u00e1 mais cedo, direto de S\u00e3o Paulo, e ter\u00e1 nova bancada de comentaristas e convidados.<\/p>\n<p><a href=\"https:\/\/www.sicredi.com.br\/site\/premio-comunicacao-em-rede\/?utm_source=jornalistas-cia&amp;utm_medium=cpm&amp;utm_campaign=cas_negocios_comunicacao-rede_suno_jornalistas-cia_banner_conhecimento_sicredi_awareness_comunicacao-rede_cas_br_alcance_comunicacao-rede_interesses_cas-comunic-2510010&amp;utm_term=cas-03120&amp;utm_content=comunicacao-rede_br_banner_alcance_cpm_as_interesses__na_comunicacao-rede_na_comunicacao-rede_nao-associado\" target=\"_blank\" aria-label=\"Sicredi novo\" rel=\"nofollow noopener\"><img fetchpriority=\"high\" decoding=\"async\" src=\"https:\/\/www.europesays.com\/pt\/wp-content\/uploads\/2026\/07\/Sicredi-novo.jpg\" alt=\"\"   width=\"728\" height=\"90\"\/><\/a><\/p>\n<p>O Conex\u00e3o GloboNews ir\u00e1 ao ar ap\u00f3s o novo telejornal, at\u00e9 as 13 horas. <strong>Rafael Colombo<\/strong> seguir\u00e1 na apresenta\u00e7\u00e3o, em S\u00e3o Paulo, dividindo a ancoragem com <strong>Narayanna Borges<\/strong>, que estreiar\u00e1 no telejornal diretamente do Rio de Janeiro.<\/p>\n<p>Neste segundo semestre, com a cobertura das elei\u00e7\u00f5es, <strong>J\u00falia Duailibi<\/strong> vai apresentar o novo GloboNews Mais, das 16h \u00e0s 18h, j\u00e1 no novo est\u00fadio.<\/p>\n<p><a href=\"https:\/\/www.sicredi.com.br\/site\/premio-comunicacao-em-rede\/?utm_source=jornalistas-cia&amp;utm_medium=cpm&amp;utm_campaign=cas_negocios_comunicacao-rede_suno_jornalistas-cia_banner_conhecimento_sicredi_awareness_comunicacao-rede_cas_br_alcance_comunicacao-rede_interesses_cas-comunic-2510010&amp;utm_term=cas-03120&amp;utm_content=comunicacao-rede_br_banner_alcance_cpm_as_interesses__na_comunicacao-rede_na_comunicacao-rede_nao-associado\" target=\"_blank\" aria-label=\"Sicredi novo\" rel=\"nofollow noopener\"><img loading=\"lazy\" decoding=\"async\" src=\"https:\/\/www.europesays.com\/pt\/wp-content\/uploads\/2026\/07\/Sicredi-novo.jpg\" alt=\"\"   width=\"728\" height=\"90\"\/><\/a>    <\/p>\n","protected":false},"excerpt":{"rendered":"Estreia na manh\u00e3 de 3\/8 o programa GloboNews Radar, das 8h30 \u00e0s 11 horas. Ser\u00e1 apresentado ao vivo&hellip;\n","protected":false},"author":2,"featured_media":452111,"comment_status":"","ping_status":"","sticky":false,"template":"","format":"standard","meta":{"footnotes":"","_share_on_mastodon":"0"},"categories":[142],"tags":[72487,114,115,72488,4641,72489,32,703,33,72490,151],"class_list":["post-452110","post","type-post","status-publish","format-standard","has-post-thumbnail","category-tv","tag-camila-bomfim","tag-entertainment","tag-entretenimento","tag-fernando-nakagawa","tag-globonews","tag-globonews-radar","tag-portugal","tag-programacao","tag-pt","tag-reformulacao","tag-tv"],"share_on_mastodon":{"url":"https:\/\/pubeurope.com\/@pt\/116929215565617517","error":""},"_links":{"self":[{"href":"https:\/\/www.europesays.com\/pt\/wp-json\/wp\/v2\/posts\/452110","targetHints":{"allow":["GET"]}}],"collection":[{"href":"https:\/\/www.europesays.com\/pt\/wp-json\/wp\/v2\/posts"}],"about":[{"href":"https:\/\/www.europesays.com\/pt\/wp-json\/wp\/v2\/types\/post"}],"author":[{"embeddable":true,"href":"https:\/\/www.europesays.com\/pt\/wp-json\/wp\/v2\/users\/2"}],"replies":[{"embeddable":true,"href":"https:\/\/www.europesays.com\/pt\/wp-json\/wp\/v2\/comments?post=452110"}],"version-history":[{"count":0,"href":"https:\/\/www.europesays.com\/pt\/wp-json\/wp\/v2\/posts\/452110\/revisions"}],"wp:featuredmedia":[{"embeddable":true,"href":"https:\/\/www.europesays.com\/pt\/wp-json\/wp\/v2\/media\/452111"}],"wp:attachment":[{"href":"https:\/\/www.europesays.com\/pt\/wp-json\/wp\/v2\/media?parent=452110"}],"wp:term":[{"taxonomy":"category","embeddable":true,"href":"https:\/\/www.europesays.com\/pt\/wp-json\/wp\/v2\/categories?post=452110"},{"taxonomy":"post_tag","embeddable":true,"href":"https:\/\/www.europesays.com\/pt\/wp-json\/wp\/v2\/tags?post=452110"}],"curies":[{"name":"wp","href":"https:\/\/api.w.org\/{rel}","templated":true}]}}