{"id":452155,"date":"2026-07-16T11:23:17","date_gmt":"2026-07-16T11:23:17","guid":{"rendered":"https:\/\/www.europesays.com\/pt\/452155\/"},"modified":"2026-07-16T11:23:17","modified_gmt":"2026-07-16T11:23:17","slug":"quais-sao-as-radios-mais-ouvidas-em-junho-eco","status":"publish","type":"post","link":"https:\/\/www.europesays.com\/pt\/452155\/","title":{"rendered":"Quais s\u00e3o as r\u00e1dios mais ouvidas em junho? \u2013 ECO"},"content":{"rendered":"<p>\t\t\t<img fetchpriority=\"high\" decoding=\"async\" class=\"size-full wp-image-1928613\" src=\"https:\/\/www.europesays.com\/pt\/wp-content\/uploads\/2026\/07\/bauer-cidade-futebol-dia17-1886-scaled.jpg\" alt=\"\" width=\"2560\" height=\"1706\"\/>A R\u00e1dio Comercial, RFM, M80, Renascen\u00e7a, Cidade FM e Mega Hits juntaram-se numa emiss\u00e3o conjunta na estreia de Portugal no Mundial 2026R\u00faben Viegas \/ Bauer Media Group <\/p>\n<p><strong>A R\u00e1dio Comercial e a RFM chegaram a junho<\/strong> \u2013 m\u00eas de arranque do Mundial e dos festivais de ver\u00e3o \u2013<strong> separadas por seis pontos percentuais (pp) de audi\u00eancia acumulada de v\u00e9spera (AAV)<\/strong>. Em abril estavam a 4,9 pp de dist\u00e2ncia. De acordo com a vaga de junho do Bareme R\u00e1dio, a <strong>R\u00e1dio Comercial<\/strong> regista uma AAV de 20,9% (-0,1pp), um reach semanal de 39,8% (-0,3pp) e um share de audi\u00eancia de 27% (-1pp).<\/p>\n<p>\n\t\t\tEscolha o ECO como fonte preferida no Google\n\t\t<\/p>\n<p>\t<a class=\"preferred-source__button\" href=\"https:\/\/google.com\/preferences\/source?q=https%3A%2F%2Feco.sapo.pt%2F\" target=\"_blank\" rel=\"noopener noreferrer nofollow\"><br \/>\n\t\tEscolher<br \/>\n\t\t\u203a<br \/>\n\t<\/a><\/p>\n<p>A <strong>RFM<\/strong>, por seu turno, obt\u00e9m nesta terceira vaga de 2026 uma AAV de 14,9% (-1,2pp), um reach semanal de 34,6% (+0,8 pp) e um share de audi\u00eancia de 18,3% (-2,5pp).<\/p>\n<p>Na terceira posi\u00e7\u00e3o segue a <strong>M80<\/strong>, com uma AAV 7,8% (-0,8%), um reach de 18,7% (-1,1pp) e um share de audi\u00eancia de 9,4% (-0,6pp).<\/p>\n<p>&#13;<br \/>\n\t\t\t\t&#13;<br \/>\n\t\t\t\t\t<a href=\"https:\/\/eco.sapo.pt\/2026\/07\/14\/pod_scope-grupo-renascenca-ultrapassa-observador-entre-publishers-em-junho\/\" rel=\"nofollow noopener\" target=\"_blank\">&#13;<\/p>\n<p class=\"info-card__intro\">Pod_Scope: Renascen\u00e7a ultrapassa Observador entre publishers<\/p>\n<p>\t\t\t\t\t\t&#13;<br \/>\n\t\t\t\t\t<\/a>&#13;<br \/>\n\t\t\t\t&#13;<br \/>\n\t\t\t&#13;<br \/>\n&#13;<\/p>\n<p>A <strong>R\u00e1dio Renascen\u00e7a<\/strong> surge em quarto lugar, agora com uma AAV de 7,2% (-1,1 pp), um reach semanal de 17,6% (-1,3pp) e um share de audi\u00eancia de 9,6% (+0,1pp). A quinta posi\u00e7\u00e3o continua com a <strong>RTP Antena 1<\/strong>, que desce 0,2pp para uma AAV de 5,0%, seguindo-se a <strong>Cidade FM<\/strong>, com 4,2% (+1pp). A posi\u00e7\u00e3o seguinte \u00e9 ocupada pela <strong>Mega <\/strong><strong>Hits, <\/strong>que ascende do nono para o s\u00e9timo lugar, com 3,3% de AAV (+1pp). Segue-se a <strong>TSF<\/strong>, com 2,9% de AAV, a crescer 0,3pp.<\/p>\n<p>A R\u00e1dio Observador troca de lugar com a RTP Antena 3, obtendo 2,2% de AAV (-0,1pp). Em d\u00e9cimo lugar aparece a<strong> RTP Antena 3<\/strong> empatada com a <strong>Smooth FM<\/strong>, ambos com 1,6% de AAV, ou seja, a RTP Antena 3 desceu 0,9pp e a <strong>Smooth FM<\/strong> cresceu 0,5pp.<\/p>\n<p><b>R\u00e1dio no Ar<\/b> (0,9%), <strong>R\u00e1dio Nova Era<\/strong> (0,6%), <b>Esta\u00e7\u00e3o Orbital <\/b>(0,5%), <strong>RTP Antena 2<\/strong> (0,3%), <strong>Correio da Manh\u00e3 R\u00e1dio<\/strong> (0,3%) e<strong> Radar<\/strong> (0,2%) encerram o ranking das esta\u00e7\u00f5es que surgem mencionadas em audi\u00eancia acumulada de v\u00e9spera. <strong>A R\u00e1dio no Ar e a Correio da Manh\u00e3 R\u00e1dio surgem pela primeira vez na lista em 2026.<\/strong><\/p>\n<p>&#13;<br \/>\n\t\t\t\t&#13;<br \/>\n\t\t\t\t\t<a href=\"https:\/\/eco.sapo.pt\/2026\/06\/15\/galp-une-seis-radios-na-estreia-da-selecao-no-mundial-2026\/\" rel=\"nofollow noopener\" target=\"_blank\">&#13;<\/p>\n<p class=\"info-card__intro\">Galp une seis r\u00e1dios na estreia da Sele\u00e7\u00e3o no Mundial 2026<\/p>\n<p>\t\t\t\t\t\t&#13;<br \/>\n\t\t\t\t\t<\/a>&#13;<br \/>\n\t\t\t\t&#13;<br \/>\n\t\t\t&#13;<br \/>\n&#13;<\/p>\n<p>Por grupos, a <strong>Bauer Media Audio <\/strong><strong>Portugal<\/strong> aumentou de 5,1 pp para 7,3 pp a dist\u00e2ncia que a separa da <strong>Renascen\u00e7a Multim\u00e9dia<\/strong>. O grupo liderado por Salvador Ribeiro regista agora uma audi\u00eancia acumulada de v\u00e9spera (AAV) de 30,5% (+0,5pp) e o grupo gerido por Jos\u00e9 Lu\u00eds Ramos Pinheiro obt\u00e9m 23,2% (-1,7pp). O grupo <strong>RTP<\/strong> situa-se agora nos 6,6%, menos 1,3 pp do que em abril.<\/p>\n<p>A Bauer Media Portugal revela, em comunicado, que nesta vaga, <strong>a M80 mant\u00e9m-se pela segunda vez consecutiva, como a segunda esta\u00e7\u00e3o mais ouvida em Lisboa. <\/strong>Salvador Ribeiro, CEO da Bauer Media Audio Portugal, destaca que \u201cos resultados desta vaga mostram que a relev\u00e2ncia das nossas marcas continua a crescer num mercado cada vez mais competitivo e fragmentado\u201d.<\/p>\n<p>Os <strong>dados da vaga de junho <\/strong>de 2026 no <strong> <a target=\"_blank\" href=\"https:\/\/www.marktest.com\/BaremeRadioRank\/\" rel=\"nofollow noopener\">Bareme R\u00e1dio RANK<\/a><\/strong>. Esta <strong>nova plataforma online de <\/strong><strong>divulga\u00e7\u00e3o, <\/strong>adotada em abril<strong>, <\/strong>pretende facilitar o acesso e a consulta das audi\u00eancias de r\u00e1dio, incluindo a disponibiliza\u00e7\u00e3o do hist\u00f3rico mais recente.<\/p>\n","protected":false},"excerpt":{"rendered":"A R\u00e1dio Comercial, RFM, M80, Renascen\u00e7a, Cidade FM e Mega Hits juntaram-se numa emiss\u00e3o conjunta na estreia de&hellip;\n","protected":false},"author":2,"featured_media":452156,"comment_status":"","ping_status":"","sticky":false,"template":"","format":"standard","meta":{"footnotes":"","_share_on_mastodon":"0"},"categories":[141],"tags":[1484,114,115,715,149,150,1229,32,33],"class_list":["post-452155","post","type-post","status-publish","format-standard","has-post-thumbnail","category-musica","tag-m","tag-entertainment","tag-entretenimento","tag-media","tag-music","tag-musica","tag-negocios-m","tag-portugal","tag-pt"],"share_on_mastodon":{"url":"https:\/\/pubeurope.com\/@pt\/116929404067272254","error":""},"_links":{"self":[{"href":"https:\/\/www.europesays.com\/pt\/wp-json\/wp\/v2\/posts\/452155","targetHints":{"allow":["GET"]}}],"collection":[{"href":"https:\/\/www.europesays.com\/pt\/wp-json\/wp\/v2\/posts"}],"about":[{"href":"https:\/\/www.europesays.com\/pt\/wp-json\/wp\/v2\/types\/post"}],"author":[{"embeddable":true,"href":"https:\/\/www.europesays.com\/pt\/wp-json\/wp\/v2\/users\/2"}],"replies":[{"embeddable":true,"href":"https:\/\/www.europesays.com\/pt\/wp-json\/wp\/v2\/comments?post=452155"}],"version-history":[{"count":0,"href":"https:\/\/www.europesays.com\/pt\/wp-json\/wp\/v2\/posts\/452155\/revisions"}],"wp:featuredmedia":[{"embeddable":true,"href":"https:\/\/www.europesays.com\/pt\/wp-json\/wp\/v2\/media\/452156"}],"wp:attachment":[{"href":"https:\/\/www.europesays.com\/pt\/wp-json\/wp\/v2\/media?parent=452155"}],"wp:term":[{"taxonomy":"category","embeddable":true,"href":"https:\/\/www.europesays.com\/pt\/wp-json\/wp\/v2\/categories?post=452155"},{"taxonomy":"post_tag","embeddable":true,"href":"https:\/\/www.europesays.com\/pt\/wp-json\/wp\/v2\/tags?post=452155"}],"curies":[{"name":"wp","href":"https:\/\/api.w.org\/{rel}","templated":true}]}}