{"id":452458,"date":"2026-07-16T16:39:29","date_gmt":"2026-07-16T16:39:29","guid":{"rendered":"https:\/\/www.europesays.com\/pt\/452458\/"},"modified":"2026-07-16T16:39:29","modified_gmt":"2026-07-16T16:39:29","slug":"salva-pela-torneira-mulher-sobrevive-nove-dias-presa-na-propria-banheira-nos-eua","status":"publish","type":"post","link":"https:\/\/www.europesays.com\/pt\/452458\/","title":{"rendered":"Salva pela torneira: mulher sobrevive nove dias presa na pr\u00f3pria banheira nos EUA"},"content":{"rendered":"<p class=\"wp-caption-text top\"><a href=\"https:\/\/www.facebook.com\/joan.rivet.1291\" rel=\"nofollow noopener\" data-wpel-link=\"external\" class=\"ext-link\" target=\"_blank\">Facebook<\/a><\/p>\n<p><img loading=\"eager\" fetchpriority=\"high\" decoding=\"async\" class=\"wp-image-754819 size-kopa-image-size-3\" src=\"https:\/\/www.europesays.com\/pt\/wp-content\/uploads\/2026\/07\/b83785b166bb5235236858c023770575-783x450.jpg\" alt=\"\" width=\"700\" height=\"402\"  \/><\/p>\n<p class=\"wp-caption-text bot\">Joan Rivet<\/p>\n<p><strong>Idosa de 82 anos caiu e n\u00e3o conseguiu levantar-se. Seguiram-se nove dias de terror.<\/strong><\/p>\n<p>Uma mulher de 82 anos sobreviveu nove dias presa na banheira de sua casa, na Carolina do Norte, Estados Unidos, depois de ter sofrido uma queda e ficado impossibilitada de sair sem ajuda.<\/p>\n<p>A idosa, identificada como <strong>Joan Rivet<\/strong>, residente em Clyde, preparava-se para se deitar, a 1 de junho, quando deu um passo em falso e caiu dentro da banheira. Ao tentar agarrar-se \u00e0 cortina do duche, arrancou o var\u00e3o, que caiu com ela. A idosa magoou as costas e deixou de conseguir levantar-se. Seguiriam-se nove dias de dores e desmaios naquela banheira.<\/p>\n<p>O telem\u00f3vel da norte-americana encontrava-se noutra divis\u00e3o da casa e os seus pedidos de aux\u00edlio n\u00e3o foram ouvidos. Durante os nove dias seguintes, a idosa alternou entre per\u00edodos de consci\u00eancia e desmaios, enquanto enfrentava dores e crescente desidrata\u00e7\u00e3o.<\/p>\n<p>Segundo o <a href=\"https:\/\/www.theguardian.com\/us-news\/2026\/jul\/13\/woman-trapped-bathtub-survives-north-carolina\" data-wpel-link=\"external\" rel=\"noopener nofollow\" class=\"ext-link\" target=\"_blank\">The Guardian<\/a>, a mulher conseguiu sobreviver gra\u00e7as \u00e0 \u00e1gua da torneira. Usando um p\u00e9, abriu a torneira e tentou beber, lan\u00e7ando \u00e1gua para o rosto e para a boca. Segundo relatou mais tarde ao jornal local <a href=\"https:\/\/www.themountaineer.com\/news\/a-living-miracle-woman-survives-nine-days-stuck-in-bathtub\/article_76b562bb-ecc5-4b61-8d67-9f25e394fe94.html\" data-wpel-link=\"external\" rel=\"noopener nofollow\" class=\"ext-link\" target=\"_blank\">The Mountaineer<\/a>, orar foi uma das poucas formas de consolo durante o per\u00edodo em que permaneceu imobilizada.<\/p>\n<p>\u201cMantive-me afastada do lado negro de toda a situa\u00e7\u00e3o porque, uma vez que se desce at\u00e9 l\u00e1, como se sai?\u201d, disse Joan Rivet \u00e0 publica\u00e7\u00e3o.<\/p>\n<p>O alerta foi dado a 10 de junho pelo irm\u00e3o, que vive no estado da Ge\u00f3rgia e come\u00e7ou a preocupar-se quando Joan deixou de responder \u00e0s suas chamadas. Depois de os vizinhos confirmarem que o autom\u00f3vel da idosa continuava estacionado em casa, agentes do condado de Haywood deslocaram-se \u00e0 resid\u00eancia para verificar o seu estado.<\/p>\n<p>Joan foi encontrada semiconsciente, mas com vida. Foi transportada para o hospital, onde recebeu tratamento por desidrata\u00e7\u00e3o grave e \u00falceras de press\u00e3o, antes de ser transferida para uma unidade de reabilita\u00e7\u00e3o.<\/p>\n<p>A idosa encontra-se a recuperar e pretende agora mudar-se para a Ge\u00f3rgia, para ficar mais perto da fam\u00edlia.<\/p>\n<p>Nos Estados Unidos, cerca de um em cada quatro adultos com 65 ou mais anos sofre uma queda anualmente, segundo os Centros de Controlo e Preven\u00e7\u00e3o de Doen\u00e7as.<\/p>\n","protected":false},"excerpt":{"rendered":"Facebook Joan Rivet Idosa de 82 anos caiu e n\u00e3o conseguiu levantar-se. Seguiram-se nove dias de terror. Uma&hellip;\n","protected":false},"author":2,"featured_media":452459,"comment_status":"","ping_status":"","sticky":false,"template":"","format":"standard","meta":{"footnotes":"","_share_on_mastodon":"0"},"categories":[50],"tags":[59,1455,27,28,413,15,16,14,25,26,21,22,62,12,13,19,20,23,24,58,17,18,29,30,31,63,64,65],"class_list":["post-452458","post","type-post","status-publish","format-standard","has-post-thumbnail","category-mundo","tag-acidente","tag-acidentes","tag-breaking-news","tag-breakingnews","tag-eua","tag-featured-news","tag-featurednews","tag-headlines","tag-latest-news","tag-latestnews","tag-main-news","tag-mainnews","tag-mundo","tag-news","tag-noticias","tag-noticias-principais","tag-noticiasprincipais","tag-principais-noticias","tag-principaisnoticias","tag-sociedade","tag-top-stories","tag-topstories","tag-ultimas","tag-ultimas-noticias","tag-ultimasnoticias","tag-world","tag-world-news","tag-worldnews"],"share_on_mastodon":{"url":"https:\/\/pubeurope.com\/@pt\/116930646838437520","error":""},"_links":{"self":[{"href":"https:\/\/www.europesays.com\/pt\/wp-json\/wp\/v2\/posts\/452458","targetHints":{"allow":["GET"]}}],"collection":[{"href":"https:\/\/www.europesays.com\/pt\/wp-json\/wp\/v2\/posts"}],"about":[{"href":"https:\/\/www.europesays.com\/pt\/wp-json\/wp\/v2\/types\/post"}],"author":[{"embeddable":true,"href":"https:\/\/www.europesays.com\/pt\/wp-json\/wp\/v2\/users\/2"}],"replies":[{"embeddable":true,"href":"https:\/\/www.europesays.com\/pt\/wp-json\/wp\/v2\/comments?post=452458"}],"version-history":[{"count":0,"href":"https:\/\/www.europesays.com\/pt\/wp-json\/wp\/v2\/posts\/452458\/revisions"}],"wp:featuredmedia":[{"embeddable":true,"href":"https:\/\/www.europesays.com\/pt\/wp-json\/wp\/v2\/media\/452459"}],"wp:attachment":[{"href":"https:\/\/www.europesays.com\/pt\/wp-json\/wp\/v2\/media?parent=452458"}],"wp:term":[{"taxonomy":"category","embeddable":true,"href":"https:\/\/www.europesays.com\/pt\/wp-json\/wp\/v2\/categories?post=452458"},{"taxonomy":"post_tag","embeddable":true,"href":"https:\/\/www.europesays.com\/pt\/wp-json\/wp\/v2\/tags?post=452458"}],"curies":[{"name":"wp","href":"https:\/\/api.w.org\/{rel}","templated":true}]}}