{"id":452684,"date":"2026-07-16T21:16:10","date_gmt":"2026-07-16T21:16:10","guid":{"rendered":"https:\/\/www.europesays.com\/pt\/452684\/"},"modified":"2026-07-16T21:16:10","modified_gmt":"2026-07-16T21:16:10","slug":"sporting-apresenta-zalazar-sabia-que-queria-vir-desde-o-primeiro-dia","status":"publish","type":"post","link":"https:\/\/www.europesays.com\/pt\/452684\/","title":{"rendered":"Sporting apresenta Zalazar: \u00abSabia que queria vir desde o primeiro dia\u00bb"},"content":{"rendered":"<p>Depois de <a href=\"https:\/\/maisfutebol.iol.pt\/sporting\/zalazar\/oficial-sporting-confirma-contratacao-de-zalazar\" target=\"_blank\" rel=\"nofollow noopener\"><strong>confirmada a contrata\u00e7\u00e3o de Rodrigo Zalazar, a 15 de maio<\/strong><\/a>, o Sporting mostrou, ao final de tarde desta quinta-feira, as primeiras imagens do internacional uruguaio contratado ao Sporting de Braga e que esteve de f\u00e9rias depois de representar o Uruguai (sem minutos jogados) no Mundial 2026.<\/p>\n<p>\u00abDesde o primeiro dia em que falei com o Sporting sabia que queria vir para aqui. Transmitiram-me muita confian\u00e7a, adoro o clube e, assim que surgiu esta hip\u00f3tese, muitas pessoas enviaram-me mensagens para vir para o maior de Portugal\u00bb, referiu, em declara\u00e7\u00f5es aos canais do clube, na apresenta\u00e7\u00e3o, feita\u00a0na Escola de Hotelaria e Turismo de Lisboa.<\/p>\n<p>Zalazar chegou ao Sporting oriundo do Sporting de Braga, num neg\u00f3cio feito por 30 milh\u00f5es de euros. Assinou por cinco temporadas pelos le\u00f5es, ficando com cl\u00e1usula de rescis\u00e3o de 80 milh\u00f5es de euros.<\/p>\n<p><strong>LEIA MAIS:\u00a0<a href=\"https:\/\/maisfutebol.iol.pt\/cronologia\/6373897a0cf2254fb2824fe4\" target=\"_blank\" wbo-id=\"184\" rel=\"nofollow noopener\">tudo sobre o mercado de transfer\u00eancias<\/a><\/strong><\/p>\n<p>\u00ab\u00c9 um lugar de muita responsabilidade, porque estamos a falar de um clube gigante, espetacular. Estou ansioso por mostrar-me e ajudar a equipa a conseguir os seus objetivos, que \u00e9 o mais importante\u00bb, disse, ainda.<\/p>\n<p><strong>Veja as imagens:<\/strong><\/p>\n<p>\u00abEstou ansioso que tudo comece e s\u00f3 penso em dar o meu m\u00e1ximo em todos os treinos e jogos para representar o clube como merece. Vou dar tudo o que tenho e mais pelo Sporting, pelos meus companheiros e pela nossa gente\u00bb, notou Zalazar, que antes de chegar a Portugal fez forma\u00e7\u00e3o em Espanha (onde nasceu), no Albacete Balompi\u00e9, San F\u00e9lix CF e M\u00e1laga CF. Foi recrutado depois pelo Eintracht Frankfurt, onde nunca jogou oficialmente. O clube alem\u00e3o emprestou-o depois ao Korona Kielce, da Pol\u00f3nia, e mais tarde ao St. Pauli e ao Schalke 04, clube que o contratou em definitivo depois de ajudar \u00e0 subida de divis\u00e3o \u00e0 Bundesliga em 2022.<\/p>\n<p>Com a transfer\u00eancia deste ver\u00e3o, Zalazar \u00e9 protagonista da\u00a0mais cara transfer\u00eancia entre clubes portugueses na hist\u00f3ria. A anterior tinha sido a de David Carmo, entre Sp. Braga e FC Porto, por 20 milh\u00f5es de euros, em 2022.<\/p>\n","protected":false},"excerpt":{"rendered":"Depois de confirmada a contrata\u00e7\u00e3o de Rodrigo Zalazar, a 15 de maio, o Sporting mostrou, ao final de&hellip;\n","protected":false},"author":2,"featured_media":452685,"comment_status":"","ping_status":"","sticky":false,"template":"","format":"standard","meta":{"footnotes":"","_share_on_mastodon":"0"},"categories":[87],"tags":[135,36,46,42,728,32,33,47,35451,34,134,35,35450],"class_list":["post-452684","post","type-post","status-publish","format-standard","has-post-thumbnail","category-desporto","tag-desporto","tag-liga","tag-maisfutebol","tag-mercado","tag-mercado-sporting","tag-portugal","tag-pt","tag-pura-paixao","tag-rodrigo-zalazar","tag-sporting","tag-sports","tag-transferencias","tag-zalazar"],"share_on_mastodon":{"url":"https:\/\/pubeurope.com\/@pt\/116931735502498850","error":""},"_links":{"self":[{"href":"https:\/\/www.europesays.com\/pt\/wp-json\/wp\/v2\/posts\/452684","targetHints":{"allow":["GET"]}}],"collection":[{"href":"https:\/\/www.europesays.com\/pt\/wp-json\/wp\/v2\/posts"}],"about":[{"href":"https:\/\/www.europesays.com\/pt\/wp-json\/wp\/v2\/types\/post"}],"author":[{"embeddable":true,"href":"https:\/\/www.europesays.com\/pt\/wp-json\/wp\/v2\/users\/2"}],"replies":[{"embeddable":true,"href":"https:\/\/www.europesays.com\/pt\/wp-json\/wp\/v2\/comments?post=452684"}],"version-history":[{"count":0,"href":"https:\/\/www.europesays.com\/pt\/wp-json\/wp\/v2\/posts\/452684\/revisions"}],"wp:featuredmedia":[{"embeddable":true,"href":"https:\/\/www.europesays.com\/pt\/wp-json\/wp\/v2\/media\/452685"}],"wp:attachment":[{"href":"https:\/\/www.europesays.com\/pt\/wp-json\/wp\/v2\/media?parent=452684"}],"wp:term":[{"taxonomy":"category","embeddable":true,"href":"https:\/\/www.europesays.com\/pt\/wp-json\/wp\/v2\/categories?post=452684"},{"taxonomy":"post_tag","embeddable":true,"href":"https:\/\/www.europesays.com\/pt\/wp-json\/wp\/v2\/tags?post=452684"}],"curies":[{"name":"wp","href":"https:\/\/api.w.org\/{rel}","templated":true}]}}