{"id":452864,"date":"2026-07-17T00:50:41","date_gmt":"2026-07-17T00:50:41","guid":{"rendered":"https:\/\/www.europesays.com\/pt\/452864\/"},"modified":"2026-07-17T00:50:41","modified_gmt":"2026-07-17T00:50:41","slug":"bruna-marquezine-tem-chance-de-aparecer-no-proximo-filme-do-superman-r7-entretenimento","status":"publish","type":"post","link":"https:\/\/www.europesays.com\/pt\/452864\/","title":{"rendered":"Bruna Marquezine tem chance de aparecer no pr\u00f3ximo filme do Superman? \u2013 R7 Entretenimento"},"content":{"rendered":"<p>LEIA AQUI O RESUMO DA NOT\u00cdCIA<\/p>\n<ul class=\"b-article-body-custom-embed-brief-news__list\" style=\"margin: 0; padding-left: 20px; list-style-type: disc;\">\n<li>Xolo Maridue\u00f1a foi confirmado para reprisar o papel de Besouro Azul no filme Superman: Homem do Amanh\u00e3.<\/li>\n<li>Bruna Marquezine teve um papel importante em Besouro Azul, mas n\u00e3o h\u00e1 confirma\u00e7\u00e3o oficial sobre sua participa\u00e7\u00e3o no novo filme do Superman.<\/li>\n<li>Jenny Kord, personagem de Marquezine, \u00e9 brasileira, e os produtores do novo filme est\u00e3o procurando figurantes brasileiros, o que pode indicar uma poss\u00edvel apari\u00e7\u00e3o.<\/li>\n<li>A estreia de Superman: Homem do Amanh\u00e3 est\u00e1 prevista para julho de 2027.<\/li>\n<\/ul>\n<p style=\"font-size: 0.8em; font-style: italic; text-align: right; margin-top: 15px; padding-bottom: 5px; margin-bottom: 0;\">Produzido pela Ri7a &#8211; a Intelig\u00eancia Artificial do R7<\/p>\n<p><img decoding=\"async\" data-chromatic=\"ignore\" alt=\"\" class=\"c-image\" loading=\"lazy\" src=\"https:\/\/www.europesays.com\/pt\/wp-content\/uploads\/2026\/07\/U2LWCHECVZHPRBZ5HANO42ENUY.jpg\"  width=\"1200\" height=\"653\"\/>Bruna Marquezine interpretou a personagem Jenny Kord em &#8216;Besouro Azul&#8217; Divulga\u00e7\u00e3o\/Warner Bros. <\/p>\n<p class=\"jarvics:base-text-neutral-high-400 xovem:base-text-dark-high-400 base-text-[calc(theme(fontSize.xs)_*_var(--font-size,_1))] base-font-normal base-font-primary base-text-neutral-low-500 base-text-left\">A not\u00edcia de que <b>Xolo Maridue\u00f1a<\/b> vai reprisar o papel de <b>Besouro Azul<\/b> em <b>Superman: Homem do Amanh\u00e3<\/b> traz a d\u00favida: <a href=\"https:\/\/www.r7.com\/tudo-sobre\/bruna-marquezine\/\" target=\"_self\" rel=\"nofollow noopener\" title=\"https:\/\/www.r7.com\/tudo-sobre\/bruna-marquezine\/\">Bruna Marquezine<\/a> tamb\u00e9m vai aparecer no filme?<\/p>\n<p class=\"jarvics:base-text-neutral-high-400 xovem:base-text-dark-high-400 base-text-[calc(theme(fontSize.xs)_*_var(--font-size,_1))] base-font-normal base-font-primary base-text-neutral-low-500 base-text-left\">Para quem n\u00e3o lembra, a atriz teve um papel de destaque em Besouro Azul, lan\u00e7ado em 2023. O filme foi o pen\u00faltimo do antigo <a href=\"https:\/\/www.r7.com\/tudo-sobre\/dc-comics\/\" target=\"_self\" rel=\"nofollow noopener\" title=\"https:\/\/www.r7.com\/tudo-sobre\/dc-comics\/\">Universo Estendido da DC<\/a>.<\/p>\n<p class=\"jarvics:base-text-neutral-high-400 xovem:base-text-dark-high-400 base-text-[calc(theme(fontSize.xs)_*_var(--font-size,_1))] base-font-normal base-font-primary base-text-neutral-low-500 base-text-left\">Com a chegada de <b>James Gunn<\/b> ao est\u00fadio, um novo universo foi constru\u00eddo. Mas o diretor, desde o come\u00e7o, afirmou que o Besouro Azul do Xolo faria parte deste novo universo.<\/p>\n<p class=\"jarvics:base-text-neutral-high-400 xovem:base-text-dark-high-400 base-text-[calc(theme(fontSize.xs)_*_var(--font-size,_1))] base-font-normal base-font-primary base-text-neutral-low-500 base-text-left\">A confirma\u00e7\u00e3o veio nesta semana. Fontes pr\u00f3ximas \u00e0 produ\u00e7\u00e3o contaram ao Deadline que Xolo Maridue\u00f1a estar\u00e1 mesmo na sequ\u00eancia de <b>Superman<\/b>.<\/p>\n<p class=\"jarvics:base-text-neutral-high-400 xovem:base-text-dark-high-400 base-text-[calc(theme(fontSize.xs)_*_var(--font-size,_1))] base-font-normal base-font-primary base-text-neutral-low-500 base-text-left\">Mas e a Bruna? At\u00e9 agora n\u00e3o tem nada oficial sobre ela aparecer ou n\u00e3o no filme.<\/p>\n<p class=\"jarvics:base-text-neutral-high-400 xovem:base-text-dark-high-400 base-text-[calc(theme(fontSize.xs)_*_var(--font-size,_1))] base-font-normal base-font-primary base-text-neutral-low-500 base-text-left\">O que tem de fato \u00e9 que a personagem dela, <b>Jenny Kord<\/b>, foi importante para a trama de Besouro Azul e que poderia continuar a ser usada nesse universo.<\/p>\n<p class=\"jarvics:base-text-neutral-high-400 xovem:base-text-dark-high-400 base-text-[calc(theme(fontSize.xs)_*_var(--font-size,_1))] base-font-normal base-font-primary base-text-neutral-low-500 base-text-left\">Al\u00e9m disso, um detalhe na produ\u00e7\u00e3o pode dar uma esperan\u00e7a a mais para os f\u00e3s da atriz. Na hist\u00f3ria, Jenny Kord \u00e9 brasileira. E o site FeatureFirst revelou no m\u00eas passado que os produtores de Superman: Homem do Amanh\u00e3 estavam procurando figurantes brasileiros para gravar uma cena que se passaria em um mercado do pa\u00eds.<\/p>\n<p class=\"jarvics:base-text-neutral-high-400 xovem:base-text-dark-high-400 base-text-[calc(theme(fontSize.xs)_*_var(--font-size,_1))] base-font-normal base-font-primary base-text-neutral-low-500 base-text-left\">Poderia ser o local ideal para, pelo menos, uma apari\u00e7\u00e3o da Bruna Marquezine na tela.<\/p>\n<p class=\"jarvics:base-text-neutral-high-400 xovem:base-text-dark-high-400 base-text-[calc(theme(fontSize.xs)_*_var(--font-size,_1))] base-font-normal base-font-primary base-text-neutral-low-500 base-text-left\">De qualquer forma, por enquanto tudo n\u00e3o passa de especula\u00e7\u00e3o. O que tem de certo \u00e9 que a previs\u00e3o de estreia do filme \u00e9 em julho de 2027.<\/p>\n<p class=\"jarvics:base-text-neutral-high-400 xovem:base-text-dark-high-400 base-text-[calc(theme(fontSize.xs)_*_var(--font-size,_1))] base-font-normal base-font-primary base-text-neutral-low-500 base-text-left\">\ud83d\udc49 <b>Siga o Cinema de Segunda no <\/b><a href=\"https:\/\/www.instagram.com\/cinemadesegunda\/\" target=\"_blank\" rel=\"nofollow noopener\" title=\"https:\/\/www.instagram.com\/cinemadesegunda\/\"><b>Instagram<\/b><\/a><b>, no <\/b><a href=\"https:\/\/www.youtube.com\/@CinemadeSegunda\" target=\"_blank\" rel=\"nofollow noopener\" title=\"https:\/\/www.youtube.com\/@CinemadeSegunda\"><b>YouTube<\/b><\/a><b> e no <\/b><a href=\"https:\/\/www.tiktok.com\/@cinemadesegunda\" target=\"_blank\" rel=\"nofollow noopener\" title=\"https:\/\/www.tiktok.com\/@cinemadesegunda\"><b>TikTok<\/b><\/a><b>!<\/b><\/p>\n<p class=\"jarvics:base-text-neutral-high-400 xovem:base-text-dark-high-400 base-text-[calc(theme(fontSize.xs)_*_var(--font-size,_1))] base-font-normal base-font-primary base-text-neutral-low-500 base-text-left\"><b>\u2705Para saber tudo do mundo dos famosos, <\/b><a href=\"https:\/\/whatsapp.com\/channel\/0029Va9UfKcHQbRyCyhPt71R\" rel=\"nofollow noopener\" title=\"https:\/\/whatsapp.com\/channel\/0029Va9UfKcHQbRyCyhPt71R\" target=\"_blank\"><b>siga o canal de entretenimento do R7<\/b><\/a><b>, o portal de not\u00edcias da Record, no WhatsApp<\/b><\/p>\n<p>Os textos aqui publicados <strong>n\u00e3o refletem<\/strong> necessariamente a opini\u00e3o do<strong> Grupo Record<\/strong>.<\/p>\n<p><script async src=\"\/\/www.instagram.com\/embed.js\"><\/script><script async src=\"\/\/www.tiktok.com\/embed.js\"><\/script><\/p>\n","protected":false},"excerpt":{"rendered":"LEIA AQUI O RESUMO DA NOT\u00cdCIA Xolo Maridue\u00f1a foi confirmado para reprisar o papel de Besouro Azul no&hellip;\n","protected":false},"author":2,"featured_media":452865,"comment_status":"","ping_status":"","sticky":false,"template":"","format":"standard","meta":{"footnotes":"","_share_on_mastodon":"0"},"categories":[140],"tags":[3863,470,5932,2670,114,115,147,148,146,32,33],"class_list":["post-452864","post","type-post","status-publish","format-standard","has-post-thumbnail","category-filmes","tag-bruna-marquezine","tag-cinema","tag-cultura-pop","tag-dc-comics","tag-entertainment","tag-entretenimento","tag-film","tag-filmes","tag-movies","tag-portugal","tag-pt"],"share_on_mastodon":{"url":"https:\/\/pubeurope.com\/@pt\/116932577485225210","error":""},"_links":{"self":[{"href":"https:\/\/www.europesays.com\/pt\/wp-json\/wp\/v2\/posts\/452864","targetHints":{"allow":["GET"]}}],"collection":[{"href":"https:\/\/www.europesays.com\/pt\/wp-json\/wp\/v2\/posts"}],"about":[{"href":"https:\/\/www.europesays.com\/pt\/wp-json\/wp\/v2\/types\/post"}],"author":[{"embeddable":true,"href":"https:\/\/www.europesays.com\/pt\/wp-json\/wp\/v2\/users\/2"}],"replies":[{"embeddable":true,"href":"https:\/\/www.europesays.com\/pt\/wp-json\/wp\/v2\/comments?post=452864"}],"version-history":[{"count":0,"href":"https:\/\/www.europesays.com\/pt\/wp-json\/wp\/v2\/posts\/452864\/revisions"}],"wp:featuredmedia":[{"embeddable":true,"href":"https:\/\/www.europesays.com\/pt\/wp-json\/wp\/v2\/media\/452865"}],"wp:attachment":[{"href":"https:\/\/www.europesays.com\/pt\/wp-json\/wp\/v2\/media?parent=452864"}],"wp:term":[{"taxonomy":"category","embeddable":true,"href":"https:\/\/www.europesays.com\/pt\/wp-json\/wp\/v2\/categories?post=452864"},{"taxonomy":"post_tag","embeddable":true,"href":"https:\/\/www.europesays.com\/pt\/wp-json\/wp\/v2\/tags?post=452864"}],"curies":[{"name":"wp","href":"https:\/\/api.w.org\/{rel}","templated":true}]}}