{"id":452949,"date":"2026-07-17T02:45:15","date_gmt":"2026-07-17T02:45:15","guid":{"rendered":"https:\/\/www.europesays.com\/pt\/452949\/"},"modified":"2026-07-17T02:45:15","modified_gmt":"2026-07-17T02:45:15","slug":"assista-a-integra-do-jornal-da-record-16","status":"publish","type":"post","link":"https:\/\/www.europesays.com\/pt\/452949\/","title":{"rendered":"Assista \u00e0 \u00edntegra do Jornal da Record"},"content":{"rendered":"<p class=\"jarvics:base-text-neutral-high-400 xovem:base-text-dark-high-400 base-text-[calc(theme(fontSize.xs)_*_var(--font-size,_1))] base-font-normal base-font-primary base-text-neutral-low-500 base-text-left\">Confira na edi\u00e7\u00e3o do Jornal da Record desta quinta-feira (16): Ministros do governo rebatem acusa\u00e7\u00f5es sobre pr\u00e1ticas desleais de com\u00e9rcio e anunciam como o pa\u00eds vai enfrentar o novo tarifa\u00e7o americano. Marco R\u00fabio acusa governo brasileiro de n\u00e3o negociar com boa-f\u00e9. Itamaraty responde e diz que declara\u00e7\u00e3o \u00e9 uma ofensa. Exclusivo: traficantes usam drone para lan\u00e7ar explosivo em favela do RJ. Funcion\u00e1rios ficam presos em trem cercado por fogo no Canad\u00e1. Fuma\u00e7a de inc\u00eandios pinta de laranja o c\u00e9u de Nova York.<\/p>\n","protected":false},"excerpt":{"rendered":"Confira na edi\u00e7\u00e3o do Jornal da Record desta quinta-feira (16): Ministros do governo rebatem acusa\u00e7\u00f5es sobre pr\u00e1ticas desleais&hellip;\n","protected":false},"author":2,"featured_media":452950,"comment_status":"","ping_status":"","sticky":false,"template":"","format":"standard","meta":{"footnotes":"","_share_on_mastodon":"0"},"categories":[142],"tags":[72575,114,115,43806,4286,32,33,151],"class_list":["post-452949","post","type-post","status-publish","format-standard","has-post-thumbnail","category-tv","tag-16-07-2026","tag-entertainment","tag-entretenimento","tag-integra","tag-jornal-da-record","tag-portugal","tag-pt","tag-tv"],"share_on_mastodon":{"url":"https:\/\/pubeurope.com\/@pt\/116933029266479310","error":""},"_links":{"self":[{"href":"https:\/\/www.europesays.com\/pt\/wp-json\/wp\/v2\/posts\/452949","targetHints":{"allow":["GET"]}}],"collection":[{"href":"https:\/\/www.europesays.com\/pt\/wp-json\/wp\/v2\/posts"}],"about":[{"href":"https:\/\/www.europesays.com\/pt\/wp-json\/wp\/v2\/types\/post"}],"author":[{"embeddable":true,"href":"https:\/\/www.europesays.com\/pt\/wp-json\/wp\/v2\/users\/2"}],"replies":[{"embeddable":true,"href":"https:\/\/www.europesays.com\/pt\/wp-json\/wp\/v2\/comments?post=452949"}],"version-history":[{"count":0,"href":"https:\/\/www.europesays.com\/pt\/wp-json\/wp\/v2\/posts\/452949\/revisions"}],"wp:featuredmedia":[{"embeddable":true,"href":"https:\/\/www.europesays.com\/pt\/wp-json\/wp\/v2\/media\/452950"}],"wp:attachment":[{"href":"https:\/\/www.europesays.com\/pt\/wp-json\/wp\/v2\/media?parent=452949"}],"wp:term":[{"taxonomy":"category","embeddable":true,"href":"https:\/\/www.europesays.com\/pt\/wp-json\/wp\/v2\/categories?post=452949"},{"taxonomy":"post_tag","embeddable":true,"href":"https:\/\/www.europesays.com\/pt\/wp-json\/wp\/v2\/tags?post=452949"}],"curies":[{"name":"wp","href":"https:\/\/api.w.org\/{rel}","templated":true}]}}