{"id":453124,"date":"2026-07-17T10:44:27","date_gmt":"2026-07-17T10:44:27","guid":{"rendered":"https:\/\/www.europesays.com\/pt\/453124\/"},"modified":"2026-07-17T10:44:27","modified_gmt":"2026-07-17T10:44:27","slug":"datas-de-pagamento-das-pensoes-da-cga-julho-agosto-e-setembro-de-2026","status":"publish","type":"post","link":"https:\/\/www.europesays.com\/pt\/453124\/","title":{"rendered":"Datas de Pagamento das Pens\u00f5es da CGA: Julho, Agosto e Setembro de 2026"},"content":{"rendered":"<p><img width=\"640\" height=\"440\" src=\"https:\/\/www.europesays.com\/pt\/wp-content\/uploads\/2026\/07\/senior-3336451_640.jpg\" class=\"attachment-post-thumbnail size-post-thumbnail wp-post-image\" alt=\"Pens\u00f5es, Reformas\" decoding=\"async\" fetchpriority=\"high\" wpfc-lazyload-disable=\"true\"\/>\t\t\t<\/p>\n<p>Neste artigo damos destaque \u00e0s datas de pagamento das pens\u00f5es da CGA durante o 3\u00ba trimestre de 2026.<\/p>\n<p>Pagamento das Pens\u00f5es da CGA \u2013 3\u00ba trimestre 2026<\/p>\n<ul>\n<li>A Caixa Geral de Aposenta\u00e7\u00f5es (CGA) ir\u00e1 proceder ao pagamento das pens\u00f5es relativas ao m\u00eas de janeiro de 2026 no dia <strong>19 de julho de 2026<\/strong>.<\/li>\n<li>A pens\u00e3o seguinte ser\u00e1 colocada a pagamento no dia<strong> 17 de agosto de 2026<\/strong>.<\/li>\n<li>O \u00faltimo m\u00eas do segundo trimestre ter\u00e1 as pens\u00f5es da CGA a pagamento a <strong>19 de setembro de 2026<\/strong>.<\/li>\n<\/ul>\n<p>Recorde-se que os pensionistas da CGA recebem o 14\u00ba m\u00eas, correspondente ao subs\u00eddio de f\u00e9rias, <strong>em julho de cada ano<\/strong>.<\/p>\n<p>Pode consultar aqui o <a href=\"https:\/\/www.cga.pt\/calendariop1.asp#\" target=\"_blank\" rel=\"noopener nofollow\"><strong>calend\u00e1rio de pagamento das pens\u00f5es em 2026 divulgado pela CGA<\/strong><\/a> no seu s\u00edtio da internet.<\/p>\n<p>Dedu\u00e7\u00f5es ao valor das pens\u00f5es<\/p>\n<p>A CGA informa que, ao valor da pens\u00e3o, s\u00e3o deduzidas algumas rubricas, a saber:<\/p>\n<ul>\n<li id=\"link1\">Descontos para IRS (<a href=\"https:\/\/economiafinancas.com\/2026\/pensionistas-tabelas-de-retencao-de-irs-2026\/\" target=\"_blank\" rel=\"noopener nofollow\"><strong>tabelas de IRS para 2026 \u2013 pensionistas<\/strong><\/a>);<\/li>\n<li>Descontos para o subsistema de sa\u00fade aplic\u00e1vel;<\/li>\n<li>Valores para a regulariza\u00e7\u00e3o de d\u00edvidas de quotas (caso se verifique a exist\u00eancia de tempo de servi\u00e7o relativamente ao qual n\u00e3o foram em devido tempo pagas) ou de pens\u00f5es e outros abonos;<\/li>\n<li>Valores para pens\u00f5es de alimentos;<\/li>\n<li>Valores para penhoras;<\/li>\n<li>Poss\u00edveis quotas sindicais ou outras.<\/li>\n<\/ul>\n","protected":false},"excerpt":{"rendered":"Neste artigo damos destaque \u00e0s datas de pagamento das pens\u00f5es da CGA durante o 3\u00ba trimestre de 2026.&hellip;\n","protected":false},"author":2,"featured_media":453125,"comment_status":"","ping_status":"","sticky":false,"template":"","format":"standard","meta":{"footnotes":"","_share_on_mastodon":"0"},"categories":[83],"tags":[88,42897,34624,89,90,7707,32,33],"class_list":["post-453124","post","type-post","status-publish","format-standard","has-post-thumbnail","category-empresas","tag-business","tag-calendario-pensoes-cga","tag-cga","tag-economy","tag-empresas","tag-pensoes","tag-portugal","tag-pt"],"share_on_mastodon":{"url":"https:\/\/pubeurope.com\/@pt\/116934912949142520","error":""},"_links":{"self":[{"href":"https:\/\/www.europesays.com\/pt\/wp-json\/wp\/v2\/posts\/453124","targetHints":{"allow":["GET"]}}],"collection":[{"href":"https:\/\/www.europesays.com\/pt\/wp-json\/wp\/v2\/posts"}],"about":[{"href":"https:\/\/www.europesays.com\/pt\/wp-json\/wp\/v2\/types\/post"}],"author":[{"embeddable":true,"href":"https:\/\/www.europesays.com\/pt\/wp-json\/wp\/v2\/users\/2"}],"replies":[{"embeddable":true,"href":"https:\/\/www.europesays.com\/pt\/wp-json\/wp\/v2\/comments?post=453124"}],"version-history":[{"count":0,"href":"https:\/\/www.europesays.com\/pt\/wp-json\/wp\/v2\/posts\/453124\/revisions"}],"wp:featuredmedia":[{"embeddable":true,"href":"https:\/\/www.europesays.com\/pt\/wp-json\/wp\/v2\/media\/453125"}],"wp:attachment":[{"href":"https:\/\/www.europesays.com\/pt\/wp-json\/wp\/v2\/media?parent=453124"}],"wp:term":[{"taxonomy":"category","embeddable":true,"href":"https:\/\/www.europesays.com\/pt\/wp-json\/wp\/v2\/categories?post=453124"},{"taxonomy":"post_tag","embeddable":true,"href":"https:\/\/www.europesays.com\/pt\/wp-json\/wp\/v2\/tags?post=453124"}],"curies":[{"name":"wp","href":"https:\/\/api.w.org\/{rel}","templated":true}]}}