{"id":453249,"date":"2026-07-17T13:15:12","date_gmt":"2026-07-17T13:15:12","guid":{"rendered":"https:\/\/www.europesays.com\/pt\/453249\/"},"modified":"2026-07-17T13:15:12","modified_gmt":"2026-07-17T13:15:12","slug":"negocio-fechado-hwang-in-beom-vai-ser-reforco-do-fc-porto","status":"publish","type":"post","link":"https:\/\/www.europesays.com\/pt\/453249\/","title":{"rendered":"Neg\u00f3cio fechado: Hwang In-beom vai ser refor\u00e7o do FC Porto"},"content":{"rendered":"<p>Neg\u00f3cio fechado! Hwang In-beom vai ser refor\u00e7o do FC Porto, que esta sexta-feira chegou a acordo com o Feyenoord. O <strong>Maisfutebol <\/strong>apurou que o m\u00e9dio internacional sul-coreano vai custar 5 milh\u00f5es de euros e vai assinar por tr\u00eas \u00e9pocas.<\/p>\n<p>O princ\u00edpio de acordo verbal foi alcan\u00e7ado nesta semana, mas a <a href=\"https:\/\/maisfutebol.iol.pt\/fc-porto\/hwang-in-beom\/fc-porto-ja-tem-acordo-com-hwang-in-beom-mas-ainda-tenta-reduzir-valor-a-pagar-ao-feyenoord\" rel=\"nofollow noopener\" target=\"_blank\">negocia\u00e7\u00e3o direta com o Feyenoord exigiu paci\u00eancia, uma vez que os neerlandeses exigiam algo como 12 milh\u00f5es<\/a>.<\/p>\n<p>In-beom, de 29 anos, corresponde ao perfil pretendido por Francesco Farioli, \u00e9 visto como alternativa a Victor Froholdt, \u00e9 um nome muito bem avaliado internamente no Olival e foi, inclusive, alvo de observa\u00e7\u00e3o ainda antes da era Farioli. O treinador italiano <a href=\"https:\/\/maisfutebol.iol.pt\/fc-porto\/hwang-in-beom\/fc-porto-negoceia-contratacao-de-hwang-in-beom\" rel=\"nofollow noopener\" target=\"_blank\">conhece bem as caracter\u00edsticas do m\u00e9dio, que defrontou em 2024\/25,<\/a> nos cl\u00e1ssicos entre Ajax e Feyenoord.<\/p>\n<p>O m\u00e9dio est\u00e1 nos Pa\u00edses Baixos h\u00e1 duas temporadas, tendo antes passado por S\u00e9rvia (Estrela Vermelha), R\u00fassia (Rubin Kazan), Canad\u00e1 (Vancouver Whitecaps), Gr\u00e9cia (Olympiacos) e, claro, Coreia do Sul (FC Seoul e Daejeon Hana Citizen).<\/p>\n<p>Ao servi\u00e7o do clube de Roterd\u00e3o desde o ver\u00e3o de 2024, Hwang In-beom fez quatro golos e seis assist\u00eancias em 54 jogos.<\/p>\n<p>J\u00e1 no Mundial 2026 foi titular nos tr\u00eas jogos da Coreia do Sul, sendo decisivo para a vit\u00f3ria sobre a Ch\u00e9quia por 2-1, com um golo e uma assist\u00eancia.<\/p>\n<p><a href=\"https:\/\/maisfutebol.iol.pt\/cronologia\/6373897a0cf2254fb2824fe4\" rel=\"nofollow noopener\" target=\"_blank\"><strong>LEIA MAIS: tudo sobre o mercado de transfer\u00eancias<\/strong><\/a><\/p>\n","protected":false},"excerpt":{"rendered":"Neg\u00f3cio fechado! Hwang In-beom vai ser refor\u00e7o do FC Porto, que esta sexta-feira chegou a acordo com o&hellip;\n","protected":false},"author":2,"featured_media":451749,"comment_status":"","ping_status":"","sticky":false,"template":"","format":"standard","meta":{"footnotes":"","_share_on_mastodon":"0"},"categories":[87],"tags":[135,4763,282,303,71683,82,46,42,41,462,32,33,47,134,35],"class_list":["post-453249","post","type-post","status-publish","format-standard","has-post-thumbnail","category-desporto","tag-desporto","tag-exclusivo","tag-fc-porto","tag-feyenoord","tag-hwang-in-beom","tag-internacional","tag-maisfutebol","tag-mercado","tag-mercado-de-transferencias","tag-porto","tag-portugal","tag-pt","tag-pura-paixao","tag-sports","tag-transferencias"],"share_on_mastodon":{"url":"https:\/\/pubeurope.com\/@pt\/116935506563389522","error":""},"_links":{"self":[{"href":"https:\/\/www.europesays.com\/pt\/wp-json\/wp\/v2\/posts\/453249","targetHints":{"allow":["GET"]}}],"collection":[{"href":"https:\/\/www.europesays.com\/pt\/wp-json\/wp\/v2\/posts"}],"about":[{"href":"https:\/\/www.europesays.com\/pt\/wp-json\/wp\/v2\/types\/post"}],"author":[{"embeddable":true,"href":"https:\/\/www.europesays.com\/pt\/wp-json\/wp\/v2\/users\/2"}],"replies":[{"embeddable":true,"href":"https:\/\/www.europesays.com\/pt\/wp-json\/wp\/v2\/comments?post=453249"}],"version-history":[{"count":0,"href":"https:\/\/www.europesays.com\/pt\/wp-json\/wp\/v2\/posts\/453249\/revisions"}],"wp:featuredmedia":[{"embeddable":true,"href":"https:\/\/www.europesays.com\/pt\/wp-json\/wp\/v2\/media\/451749"}],"wp:attachment":[{"href":"https:\/\/www.europesays.com\/pt\/wp-json\/wp\/v2\/media?parent=453249"}],"wp:term":[{"taxonomy":"category","embeddable":true,"href":"https:\/\/www.europesays.com\/pt\/wp-json\/wp\/v2\/categories?post=453249"},{"taxonomy":"post_tag","embeddable":true,"href":"https:\/\/www.europesays.com\/pt\/wp-json\/wp\/v2\/tags?post=453249"}],"curies":[{"name":"wp","href":"https:\/\/api.w.org\/{rel}","templated":true}]}}