{"id":454213,"date":"2026-07-18T12:57:36","date_gmt":"2026-07-18T12:57:36","guid":{"rendered":"https:\/\/www.europesays.com\/pt\/454213\/"},"modified":"2026-07-18T12:57:36","modified_gmt":"2026-07-18T12:57:36","slug":"fuga-de-amoniaco-na-docapesca-em-matosinhos-nas-grandiosas-festas-do-martir-sao-sebastiao","status":"publish","type":"post","link":"https:\/\/www.europesays.com\/pt\/454213\/","title":{"rendered":"Fuga de amon\u00edaco na Docapesca em Matosinhos nas Grandiosas Festas do M\u00e1rtir S\u00e3o Sebasti\u00e3o"},"content":{"rendered":"\n<p>&#13;<br \/>\nUma fuga de amon\u00edaco na Docapesca, em Matosinhos, mobilizou esta noite dezenas de operacionais, adiantaram \u00e0 Lusa fontes da Prote\u00e7\u00e3o Civil, registando a ocorr\u00eancia de pelo menos um ferido leve.&#13;\n<\/p>\n<p>&#13;<br \/>\nFonte dos Bombeiros Volunt\u00e1rios de Matosinhos-Le\u00e7a referiu \u00e0 Lusa que a ocorr\u00eancia est\u00e1 relacionada com uma fuga de amon\u00edaco na f\u00e1brica de gelo da Docapesca.&#13;\n<\/p>\n<p>          <img decoding=\"async\" itemprop=\"image\" class=\"img-fluid\"   src=\"https:\/\/www.europesays.com\/pt\/wp-content\/uploads\/2026\/07\/840e5898d6cdec13cc09bafef37f6a69_N.jpg\"\/><\/p>\n<p>&#13;<br \/>\nO alerta para a ocorr\u00eancia foi dado pelas 22:55 de sexta-feira. Na mesma zona decorria o arranque das tradicionais Grandiosas Festas do M\u00e1rtir S\u00e3o Sebasti\u00e3o, padroeiro dos pescadores.&#13;\n<\/p>\n<p>&#13;<br \/>\nFonte do Comando Sub-regional da \u00c1rea Metropolitana do Porto confirmou \u00e0 Lusa a ocorr\u00eancia, referindo apenas que al\u00e9m dos meios no local estavam tamb\u00e9m meios de preven\u00e7\u00e3o para serem enviados.&#13;\n<\/p>\n<p>&#13;<br \/>\nPelas 00:40 de hoje, estavam no local 54 operacionais, apoiados por 23 viaturas, segundo o `site` da Autoridade Nacional de Emerg\u00eancia e Prote\u00e7\u00e3o Civil (ANEPC).&#13;<\/p>\n","protected":false},"excerpt":{"rendered":"&#13; Uma fuga de amon\u00edaco na Docapesca, em Matosinhos, mobilizou esta noite dezenas de operacionais, adiantaram \u00e0 Lusa&hellip;\n","protected":false},"author":2,"featured_media":454214,"comment_status":"","ping_status":"","sticky":false,"template":"","format":"standard","meta":{"footnotes":"","_share_on_mastodon":"0"},"categories":[10],"tags":[27,28,15,16,72753,14,25,26,21,22,12,13,19,20,32,23,24,6821,33,17,18,29,30,31],"class_list":["post-454213","post","type-post","status-publish","format-standard","has-post-thumbnail","category-portugal","tag-breaking-news","tag-breakingnews","tag-featured-news","tag-featurednews","tag-grandiosas-festas-martir","tag-headlines","tag-latest-news","tag-latestnews","tag-main-news","tag-mainnews","tag-news","tag-noticias","tag-noticias-principais","tag-noticiasprincipais","tag-portugal","tag-principais-noticias","tag-principaisnoticias","tag-protecao","tag-pt","tag-top-stories","tag-topstories","tag-ultimas","tag-ultimas-noticias","tag-ultimasnoticias"],"share_on_mastodon":{"url":"https:\/\/pubeurope.com\/@pt\/116941098743828813","error":""},"_links":{"self":[{"href":"https:\/\/www.europesays.com\/pt\/wp-json\/wp\/v2\/posts\/454213","targetHints":{"allow":["GET"]}}],"collection":[{"href":"https:\/\/www.europesays.com\/pt\/wp-json\/wp\/v2\/posts"}],"about":[{"href":"https:\/\/www.europesays.com\/pt\/wp-json\/wp\/v2\/types\/post"}],"author":[{"embeddable":true,"href":"https:\/\/www.europesays.com\/pt\/wp-json\/wp\/v2\/users\/2"}],"replies":[{"embeddable":true,"href":"https:\/\/www.europesays.com\/pt\/wp-json\/wp\/v2\/comments?post=454213"}],"version-history":[{"count":0,"href":"https:\/\/www.europesays.com\/pt\/wp-json\/wp\/v2\/posts\/454213\/revisions"}],"wp:featuredmedia":[{"embeddable":true,"href":"https:\/\/www.europesays.com\/pt\/wp-json\/wp\/v2\/media\/454214"}],"wp:attachment":[{"href":"https:\/\/www.europesays.com\/pt\/wp-json\/wp\/v2\/media?parent=454213"}],"wp:term":[{"taxonomy":"category","embeddable":true,"href":"https:\/\/www.europesays.com\/pt\/wp-json\/wp\/v2\/categories?post=454213"},{"taxonomy":"post_tag","embeddable":true,"href":"https:\/\/www.europesays.com\/pt\/wp-json\/wp\/v2\/tags?post=454213"}],"curies":[{"name":"wp","href":"https:\/\/api.w.org\/{rel}","templated":true}]}}